{"id":99,"date":"2012-05-13T11:19:06","date_gmt":"2012-05-13T09:19:06","guid":{"rendered":"http:\/\/www.spd-henrichenburg.de\/?p=99"},"modified":"2012-05-13T11:19:06","modified_gmt":"2012-05-13T09:19:06","slug":"spd-henrichenburg-laedt-zum-runden-tisch","status":"publish","type":"post","link":"http:\/\/www.spd-henrichenburg.de\/?p=99","title":{"rendered":"SPD Henrichenburg l\u00e4dt zum Runden Tisch"},"content":{"rendered":"<div style=\"text-align: justify;\">Die Henrichenburger SPD l\u00e4dt alle Anwohnerinnen und Anwohner zu einem Runden Tisch in das Wohngebiet Pothhof\/Im Brendick am Dienstag, den 15. Mai, ab 18 Uhr ein. \u201eAufgrund vieler B\u00fcrgernachfragen sind wir vor Ort, um mit den Anwohnern \u00fcber die aktuellen Entwicklungen und Planungen zu diskutieren&#8220;, so Britta Schewe, Vorsitzende der Henrichenburger SPD. Bei Getr\u00e4nken und einem kleinen Imbiss sollen dabei unter anderem folgende Fragen besprochen werden: Welche baulichen Entwicklungen stehen auf der Gr\u00fcnfl\u00e4che an? Wann wird das letzte Teilst\u00fcck der Stra\u00dfe im Pothhof fertiggestellt? Wie kann die Entw\u00e4sserungssituation im Pothhof optimiert werden? Kann die Eingangssituation in der Stra\u00dfe Im Brendick verbessert werden? Als kompetente Ansprechpartner stehen daf\u00fcr der Technische Beigeordnete sowie ein Vertreter des EUV zur Verf\u00fcgung. Treffpunkt ist die gr\u00fcne Wiese vor der Autobahn Im Brendick.<\/div>\n<div style=\"text-align: justify;\"><\/div>\n<div style=\"text-align: justify;\">Einen <a target=\"_self\" href=\"images\/stories\/2012-05-15.flyer.runder.tisch.im.brendick.pdf\">Einladungsflyer <\/a>haben die Anwohnerinnen und Anwohner des Wohngebietes in ihren Briefk\u00e4sten erhalten.<\/div>\n","protected":false},"excerpt":{"rendered":"<p>Die Henrichenburger SPD l\u00e4dt alle Anwohnerinnen und Anwohner zu einem Runden Tisch in das Wohngebiet Pothhof\/Im Brendick am Dienstag, den 15. Mai, ab 18 Uhr ein. \u201eAufgrund vieler B\u00fcrgernachfragen sind wir vor Ort, um mit den Anwohnern \u00fcber die aktuellen Entwicklungen und Planungen zu diskutieren&#8220;, so Britta Schewe, Vorsitzende der Henrichenburger SPD. Bei Getr\u00e4nken und &#8230; <a title=\"SPD Henrichenburg l\u00e4dt zum Runden Tisch\" class=\"read-more\" href=\"http:\/\/www.spd-henrichenburg.de\/?p=99\" aria-label=\"Mehr Informationen \u00fcber SPD Henrichenburg l\u00e4dt zum Runden Tisch\">Weiterlesen<\/a><\/p>\n","protected":false},"author":1,"featured_media":0,"comment_status":"closed","ping_status":"closed","sticky":false,"template":"","format":"standard","meta":{"footnotes":""},"categories":[5],"tags":[],"class_list":["post-99","post","type-post","status-publish","format-standard","hentry","category-pressemitteilungen"],"_links":{"self":[{"href":"http:\/\/www.spd-henrichenburg.de\/index.php?rest_route=\/wp\/v2\/posts\/99","targetHints":{"allow":["GET"]}}],"collection":[{"href":"http:\/\/www.spd-henrichenburg.de\/index.php?rest_route=\/wp\/v2\/posts"}],"about":[{"href":"http:\/\/www.spd-henrichenburg.de\/index.php?rest_route=\/wp\/v2\/types\/post"}],"author":[{"embeddable":true,"href":"http:\/\/www.spd-henrichenburg.de\/index.php?rest_route=\/wp\/v2\/users\/1"}],"replies":[{"embeddable":true,"href":"http:\/\/www.spd-henrichenburg.de\/index.php?rest_route=%2Fwp%2Fv2%2Fcomments&post=99"}],"version-history":[{"count":0,"href":"http:\/\/www.spd-henrichenburg.de\/index.php?rest_route=\/wp\/v2\/posts\/99\/revisions"}],"wp:attachment":[{"href":"http:\/\/www.spd-henrichenburg.de\/index.php?rest_route=%2Fwp%2Fv2%2Fmedia&parent=99"}],"wp:term":[{"taxonomy":"category","embeddable":true,"href":"http:\/\/www.spd-henrichenburg.de\/index.php?rest_route=%2Fwp%2Fv2%2Fcategories&post=99"},{"taxonomy":"post_tag","embeddable":true,"href":"http:\/\/www.spd-henrichenburg.de\/index.php?rest_route=%2Fwp%2Fv2%2Ftags&post=99"}],"curies":[{"name":"wp","href":"https:\/\/api.w.org\/{rel}","templated":true}]}}