{"id":93,"date":"2012-02-20T14:27:54","date_gmt":"2012-02-20T13:27:54","guid":{"rendered":"http:\/\/www.spd-henrichenburg.de\/?p=93"},"modified":"2012-02-20T14:27:54","modified_gmt":"2012-02-20T13:27:54","slug":"spd-henrichenburg-laedt-zur-jahreshauptversammlung","status":"publish","type":"post","link":"http:\/\/www.spd-henrichenburg.de\/?p=93","title":{"rendered":"SPD Henrichenburg l\u00e4dt zur Jahreshauptversammlung"},"content":{"rendered":"<div style=\"text-align: justify;\">Die Henrichenburger SPD l\u00e4dt ihr Mitglieder und alle Interessierten am Freitag, den 24. Februar, um 19:30 Uhr zu ihrer Jahreshauptversammlung in die Gastst\u00e4tte Zum Lambertus, Beckumer Stra\u00dfe 33, ein. Neben dem R\u00fcckblick auf das letzte Jahr stehen die Vorbereitung auf die M\u00fcllaktion \u201ePlatzverweis dem Dreck&#8220;, die Verkehrssituation in Henrichenburg-Mitte und die Vorbereitung auf die Besichtigung einer Windkraftanlage auf der Tagesordnung.<\/div>\n","protected":false},"excerpt":{"rendered":"<p>Die Henrichenburger SPD l\u00e4dt ihr Mitglieder und alle Interessierten am Freitag, den 24. Februar, um 19:30 Uhr zu ihrer Jahreshauptversammlung in die Gastst\u00e4tte Zum Lambertus, Beckumer Stra\u00dfe 33, ein. Neben dem R\u00fcckblick auf das letzte Jahr stehen die Vorbereitung auf die M\u00fcllaktion \u201ePlatzverweis dem Dreck&#8220;, die Verkehrssituation in Henrichenburg-Mitte und die Vorbereitung auf die Besichtigung &#8230; <a title=\"SPD Henrichenburg l\u00e4dt zur Jahreshauptversammlung\" class=\"read-more\" href=\"http:\/\/www.spd-henrichenburg.de\/?p=93\" aria-label=\"Mehr Informationen \u00fcber SPD Henrichenburg l\u00e4dt zur Jahreshauptversammlung\">Weiterlesen<\/a><\/p>\n","protected":false},"author":1,"featured_media":0,"comment_status":"closed","ping_status":"closed","sticky":false,"template":"","format":"standard","meta":{"footnotes":""},"categories":[5],"tags":[],"class_list":["post-93","post","type-post","status-publish","format-standard","hentry","category-pressemitteilungen"],"_links":{"self":[{"href":"http:\/\/www.spd-henrichenburg.de\/index.php?rest_route=\/wp\/v2\/posts\/93","targetHints":{"allow":["GET"]}}],"collection":[{"href":"http:\/\/www.spd-henrichenburg.de\/index.php?rest_route=\/wp\/v2\/posts"}],"about":[{"href":"http:\/\/www.spd-henrichenburg.de\/index.php?rest_route=\/wp\/v2\/types\/post"}],"author":[{"embeddable":true,"href":"http:\/\/www.spd-henrichenburg.de\/index.php?rest_route=\/wp\/v2\/users\/1"}],"replies":[{"embeddable":true,"href":"http:\/\/www.spd-henrichenburg.de\/index.php?rest_route=%2Fwp%2Fv2%2Fcomments&post=93"}],"version-history":[{"count":0,"href":"http:\/\/www.spd-henrichenburg.de\/index.php?rest_route=\/wp\/v2\/posts\/93\/revisions"}],"wp:attachment":[{"href":"http:\/\/www.spd-henrichenburg.de\/index.php?rest_route=%2Fwp%2Fv2%2Fmedia&parent=93"}],"wp:term":[{"taxonomy":"category","embeddable":true,"href":"http:\/\/www.spd-henrichenburg.de\/index.php?rest_route=%2Fwp%2Fv2%2Fcategories&post=93"},{"taxonomy":"post_tag","embeddable":true,"href":"http:\/\/www.spd-henrichenburg.de\/index.php?rest_route=%2Fwp%2Fv2%2Ftags&post=93"}],"curies":[{"name":"wp","href":"https:\/\/api.w.org\/{rel}","templated":true}]}}