{"id":9,"date":"2009-01-02T17:18:17","date_gmt":"2009-01-02T16:18:17","guid":{"rendered":"http:\/\/www.spd-henrichenburg.de\/?p=9"},"modified":"2009-01-02T17:18:17","modified_gmt":"2009-01-02T16:18:17","slug":"lisa","status":"publish","type":"post","link":"http:\/\/www.spd-henrichenburg.de\/?p=9","title":{"rendered":"Lisa Kapteinat"},"content":{"rendered":"<p><img decoding=\"async\" style=\"margin: 8px; float: left;\" alt=\"lisa.kapteinat.kreistag\" src=\"images\/stories\/lisa.kapteinat.kreistag.jpg\" height=\"NaN\" width=\"250\" \/><\/p>\n<p><strong>Lisa Kapteinat<\/strong><\/p>\n<p>Unser Henrichenburger Mitglied f\u00fcr den Kreistag<\/p>\n<p>\u00a0<\/p>\n<p>Liebe Mitb\u00fcrgerinnen und Mitb\u00fcrger,<\/p>\n<div style=\"text-align: justify;\">mein Name ist Lisa Kapteinat. Ich bin seit 2009 Kreistagsmitglied und kandidiere erneut f\u00fcr den Kreistag Recklinghausen. Ich bin 25 Jahre alt, habe Jura studiert und bereite mich derzeit als Rechtsreferendarin auf das zweite Staatsexamen vor.<\/div>\n<p style=\"text-align: justify;\">Im Kreistag von Recklinghausen habe ich die SPD-Fraktion bisher im Wirtschafts- und Strukturausschuss und im Schulausschuss vertreten. Im Schulausschuss haben wir in der letzten Wahlperiode unter anderem eine umfassende Sanierung des Berufskollegs Castrop-Rauxel durchsetzen k\u00f6nnen. Im Wirtschafts- und Strukturausschuss treten wir f\u00fcr eine Attraktivierung des Kreises im Hinblick auf die Ansiedlung von Unternehmen ein.<br \/>Ich m\u00f6chte mich auch weiterhin f\u00fcr einen lebens- und liebenswerten Kreis Recklinghausen einsetzen, indem Sch\u00fclerinnen und Sch\u00fcler die bestm\u00f6gliche Bildung bekommen und Familien leben und arbeiten k\u00f6nnen.<\/p>\n<p>Meine Kontaktdaten:<br \/>Lisa Kapteinat<br \/>Bredenbrauck 3<br \/>44581 Castrop-Rauxel<br \/>0 176 \/ 62 10 17 05<br \/>lisa.kapteinat@gmx.de<\/p>\n<p>\u00a0<\/p>\n<p>\u00a0<\/p>\n<p>\u00a0<\/p>\n<p>\u00a0<\/p>\n<p>\u00a0<\/p>\n<p>\u00a0<\/p>\n<p>\u00a0<\/p>\n","protected":false},"excerpt":{"rendered":"<p>Lisa Kapteinat Unser Henrichenburger Mitglied f\u00fcr den Kreistag \u00a0 Liebe Mitb\u00fcrgerinnen und Mitb\u00fcrger, mein Name ist Lisa Kapteinat. Ich bin seit 2009 Kreistagsmitglied und kandidiere erneut f\u00fcr den Kreistag Recklinghausen. Ich bin 25 Jahre alt, habe Jura studiert und bereite mich derzeit als Rechtsreferendarin auf das zweite Staatsexamen vor. Im Kreistag von Recklinghausen habe ich &#8230; <a title=\"Lisa Kapteinat\" class=\"read-more\" href=\"http:\/\/www.spd-henrichenburg.de\/?p=9\" aria-label=\"Mehr Informationen \u00fcber Lisa Kapteinat\">Weiterlesen<\/a><\/p>\n","protected":false},"author":1,"featured_media":0,"comment_status":"closed","ping_status":"closed","sticky":false,"template":"","format":"standard","meta":{"footnotes":""},"categories":[4],"tags":[],"class_list":["post-9","post","type-post","status-publish","format-standard","hentry","category-inhalt"],"_links":{"self":[{"href":"http:\/\/www.spd-henrichenburg.de\/index.php?rest_route=\/wp\/v2\/posts\/9","targetHints":{"allow":["GET"]}}],"collection":[{"href":"http:\/\/www.spd-henrichenburg.de\/index.php?rest_route=\/wp\/v2\/posts"}],"about":[{"href":"http:\/\/www.spd-henrichenburg.de\/index.php?rest_route=\/wp\/v2\/types\/post"}],"author":[{"embeddable":true,"href":"http:\/\/www.spd-henrichenburg.de\/index.php?rest_route=\/wp\/v2\/users\/1"}],"replies":[{"embeddable":true,"href":"http:\/\/www.spd-henrichenburg.de\/index.php?rest_route=%2Fwp%2Fv2%2Fcomments&post=9"}],"version-history":[{"count":0,"href":"http:\/\/www.spd-henrichenburg.de\/index.php?rest_route=\/wp\/v2\/posts\/9\/revisions"}],"wp:attachment":[{"href":"http:\/\/www.spd-henrichenburg.de\/index.php?rest_route=%2Fwp%2Fv2%2Fmedia&parent=9"}],"wp:term":[{"taxonomy":"category","embeddable":true,"href":"http:\/\/www.spd-henrichenburg.de\/index.php?rest_route=%2Fwp%2Fv2%2Fcategories&post=9"},{"taxonomy":"post_tag","embeddable":true,"href":"http:\/\/www.spd-henrichenburg.de\/index.php?rest_route=%2Fwp%2Fv2%2Ftags&post=9"}],"curies":[{"name":"wp","href":"https:\/\/api.w.org\/{rel}","templated":true}]}}