{"id":709,"date":"2020-08-26T22:37:19","date_gmt":"2020-08-26T20:37:19","guid":{"rendered":"http:\/\/www.spd-henrichenburg.de\/?p=709"},"modified":"2020-11-14T11:27:32","modified_gmt":"2020-11-14T10:27:32","slug":"spd-henrichenburg-feiert-pendler-erfolg","status":"publish","type":"post","link":"http:\/\/www.spd-henrichenburg.de\/?p=709","title":{"rendered":"SPD Henrichenburg feiert Pendler-Erfolg"},"content":{"rendered":"\n<h4 class=\"wp-block-heading\"><strong>&#8222;Konsequent weiter mit einer sozial-\u00f6kologischen, ausgewogenen Verkehrspolitik&#8220; das ist die erkl\u00e4rte Absicht der Doppelspitze der Henrichenburger SPD, Daniela Rotte und Marcus Pelzing<\/strong><\/h4>\n\n\n\n<p>150 neue Pendler-Parkpl\u00e4tze an der Autobahnauffahrt Henrichenburg &#8211; ein starkes Signal f\u00fcr die Kompetenz der SPD und Ihres B\u00fcrgermeisters Rajko Kravanja, wenn es darum geht, langfristig dranzubleiben, am Ball zu bleiben, das Richtige zu tun. Das erkl\u00e4rte Ziel: &#8222;Endlich ein freier Seitenstreifen unter der Br\u00fccke!&#8220; &#8211; jetzt zum Greifen nah. Vorletzte Woche gab Stra\u00dfen NRW gr\u00fcnes Licht. <\/p>\n\n\n\n<p>Dass das Projekt schon 2004 auf dem Plan stand, stellt Ausdauer und Beharrlichkeit der Stadtspitze der SPD im Rat unter Beweis, erkl\u00e4rt die Henrichenburger SPD. &#8222;Ich habe als eines der zust\u00e4ndigen Ratsmitglieder an den ersten Gespr\u00e4chen mit Lutz Sanders \u00fcber den Ankauf der Grundst\u00fccke teilgenommen&#8220; erinnert sich Burkhard Kapteinat vom Ortsverein Henrichenburg, damals Fraktionsvorsitzender. Umweltpolitischer Weitblick war genau so wichtig wie die F\u00e4higkeit, &#8222;Nein&#8220; zu sagen, wenn Forderungen von Grundst\u00fcckseigent\u00fcmern nicht erf\u00fcllbar waren. <\/p>\n\n\n\n<p>So stand das Projekt 2016 vor dem Aus, als der Vorvertrag mit dem Eigent\u00fcmer Sanders platzte. Die Notwendigkeit blieb, nur die Hindernisse h\u00e4uften sich. Kaum hatte man eine neue Fl\u00e4che gefunden, erkannte man, dass dort alte Versorgungsleitungen lagen. So war die Pr\u00fcfung bei Stra\u00dfen NRW nun der Schlusspunkt von langer, harter Arbeit. Die SPD war letztlich die einzige Partei, die w\u00e4hrend des gesamten Projekts in der kommunalen Regierungs-Verantwortung stand &#8211; und nicht locker lie\u00df. <\/p>\n\n\n\n<p>&#8222;Wir sind drangeblieben. Wir freuen uns \u00fcber alle Ma\u00dfen f\u00fcr die Anwohner, die Pendler und die Radfahrer!&#8220; strahlen die beiden Henrichenburger SPD-Vorsitzenden Daniela Rotte und Marcus Pelzing um die Wette. &#8222;Das richtige Signal in Sachen \u00f6kologischer, sozialvertr\u00e4glicher Verkehrspolitik &#8211; und ein Riesen-Erfolg der SPD f\u00fcr die B\u00fcrger, findet die Henrichenburger Doppelspitze. \u00a0<\/p>\n","protected":false},"excerpt":{"rendered":"<p>&#8222;Konsequent weiter mit einer sozial-\u00f6kologischen, ausgewogenen Verkehrspolitik&#8220; das ist die erkl\u00e4rte Absicht der Doppelspitze der Henrichenburger SPD, Daniela Rotte und Marcus Pelzing 150 neue Pendler-Parkpl\u00e4tze an der Autobahnauffahrt Henrichenburg &#8211; ein starkes Signal f\u00fcr die Kompetenz der SPD und Ihres B\u00fcrgermeisters Rajko Kravanja, wenn es darum geht, langfristig dranzubleiben, am Ball zu bleiben, das Richtige &#8230; <a title=\"SPD Henrichenburg feiert Pendler-Erfolg\" class=\"read-more\" href=\"http:\/\/www.spd-henrichenburg.de\/?p=709\" aria-label=\"Mehr Informationen \u00fcber SPD Henrichenburg feiert Pendler-Erfolg\">Weiterlesen<\/a><\/p>\n","protected":false},"author":1,"featured_media":713,"comment_status":"closed","ping_status":"closed","sticky":false,"template":"","format":"standard","meta":{"footnotes":""},"categories":[1,2,5],"tags":[46,45,51,10,39,42,47,48,44,29,43,32,41,50,49],"class_list":["post-709","post","type-post","status-publish","format-standard","has-post-thumbnail","hentry","category-allgemein","category-inhaltsseiten","category-pressemitteilungen","tag-a2","tag-autobahn","tag-b-235","tag-burkhard-kapteinat","tag-castrop-rauxel","tag-hennemann","tag-kompetenz","tag-kravanja","tag-parkplatz","tag-pelzing","tag-pendler-parkplatz","tag-rotte","tag-sanders","tag-sozial-oekologisch","tag-umwelt"],"_links":{"self":[{"href":"http:\/\/www.spd-henrichenburg.de\/index.php?rest_route=\/wp\/v2\/posts\/709","targetHints":{"allow":["GET"]}}],"collection":[{"href":"http:\/\/www.spd-henrichenburg.de\/index.php?rest_route=\/wp\/v2\/posts"}],"about":[{"href":"http:\/\/www.spd-henrichenburg.de\/index.php?rest_route=\/wp\/v2\/types\/post"}],"author":[{"embeddable":true,"href":"http:\/\/www.spd-henrichenburg.de\/index.php?rest_route=\/wp\/v2\/users\/1"}],"replies":[{"embeddable":true,"href":"http:\/\/www.spd-henrichenburg.de\/index.php?rest_route=%2Fwp%2Fv2%2Fcomments&post=709"}],"version-history":[{"count":5,"href":"http:\/\/www.spd-henrichenburg.de\/index.php?rest_route=\/wp\/v2\/posts\/709\/revisions"}],"predecessor-version":[{"id":829,"href":"http:\/\/www.spd-henrichenburg.de\/index.php?rest_route=\/wp\/v2\/posts\/709\/revisions\/829"}],"wp:featuredmedia":[{"embeddable":true,"href":"http:\/\/www.spd-henrichenburg.de\/index.php?rest_route=\/wp\/v2\/media\/713"}],"wp:attachment":[{"href":"http:\/\/www.spd-henrichenburg.de\/index.php?rest_route=%2Fwp%2Fv2%2Fmedia&parent=709"}],"wp:term":[{"taxonomy":"category","embeddable":true,"href":"http:\/\/www.spd-henrichenburg.de\/index.php?rest_route=%2Fwp%2Fv2%2Fcategories&post=709"},{"taxonomy":"post_tag","embeddable":true,"href":"http:\/\/www.spd-henrichenburg.de\/index.php?rest_route=%2Fwp%2Fv2%2Ftags&post=709"}],"curies":[{"name":"wp","href":"https:\/\/api.w.org\/{rel}","templated":true}]}}