{"id":689,"date":"2020-06-29T01:18:10","date_gmt":"2020-06-28T23:18:10","guid":{"rendered":"http:\/\/www.spd-henrichenburg.de\/?p=689"},"modified":"2020-08-30T23:14:34","modified_gmt":"2020-08-30T21:14:34","slug":"mix-aus-und-jung-sowie-erfahren-und-dynamisch-soll-castrop-rauxeler-interessen-im-naechsten-kreistag-vertreten","status":"publish","type":"post","link":"http:\/\/www.spd-henrichenburg.de\/?p=689","title":{"rendered":"Mix aus und jung sowie erfahren und dynamisch soll Castrop-Rauxeler Interessen im n\u00e4chsten Kreistag vertreten"},"content":{"rendered":"\n<div class=\"wp-block-image\"><figure class=\"alignright size-full is-resized\"><img loading=\"lazy\" decoding=\"async\" src=\"http:\/\/www.spd-henrichenburg.de\/wp-content\/uploads\/2020\/06\/danielarotte2020-06.jpg\" alt=\"Daniela Rotte, Platz 4 der Kreistagsliste der SPD im Kreis Recklinghausen\" class=\"wp-image-691\" width=\"320\" height=\"320\" srcset=\"http:\/\/www.spd-henrichenburg.de\/wp-content\/uploads\/2020\/06\/danielarotte2020-06.jpg 639w, http:\/\/www.spd-henrichenburg.de\/wp-content\/uploads\/2020\/06\/danielarotte2020-06-300x300.jpg 300w, http:\/\/www.spd-henrichenburg.de\/wp-content\/uploads\/2020\/06\/danielarotte2020-06-150x150.jpg 150w, http:\/\/www.spd-henrichenburg.de\/wp-content\/uploads\/2020\/06\/danielarotte2020-06-45x45.jpg 45w\" sizes=\"auto, (max-width: 320px) 100vw, 320px\" \/><figcaption>Foto: Daniela Rotte, die auf Platz 4 der Liste f\u00fcr die Kreistagswahl rangiert<\/figcaption><\/figure><\/div>\n\n\n\n<h3 class=\"wp-block-heading\">Kreis-SPD stellt Kandidatinnen und Kandidaten f\u00fcr Kreistag und Ruhrparlament auf<\/h3>\n\n\n\n<p>Am vergangenen Samstag wurden auf der Kreisverbandsdelegiertenkonferenz des SPD Kreisverbandes Recklinghausen in der Stadthalle von Oer-Erkenschwick die Kandidatinnen und Kandidaten f\u00fcr die Kreistagswahl im September dieses Jahres aufgestellt. Darunter befinden sich auch vier Kandidatinnen und Kandidaten aus Castrop-Rauxel. Mit Daniela Rotte f\u00fcr Henrichenburg und Habinghorst, Fritz Gollenbeck f\u00fcr Ickern, Bernd Goerke f\u00fcr Rauxel, Deininghausen, Altstadt und Dingen sowie Ann-Kathrin Bludau f\u00fcr Schwerin, Frohlinde, Merklinde und Obercastrop geht f\u00fcr die SPD bei den Kreistagswahlen 2020 ein Team aus alt und jung, aus erfahren und dynamisch an den Start. Dadurch soll eine optimale Abdeckung der vielf\u00e4ltigen Castrop-Rauxeler Interessen gew\u00e4hrleistet werden. Daniela Rotte hat es dabei sogar auf den aussichtsreichen Platz 4 auf der Liste der SPD-Kreistagskandidatinnen und -kandidaten geschafft. Das Parteiprogramm f\u00fcr den Kreis wird trotz Corona in K\u00fcrze vorgestellt; die Themen werden sich rund um Gesundheit, Wirtschaft, Umwelt und Mobilit\u00e4t drehen und dabei den ganzen Kreis \u2013 und somit auch Castrop-Rauxel \u2013 im Blick haben. Dar\u00fcber hinaus wurde Bernd Goerke auf der Kreisverbandsdelegiertenkonferenz f\u00fcr einen Listenplatz bei der Wahl des neuen Ruhrparlaments nominiert. Auch hier sollen die Interessen unserer Stadt k\u00fcnftig durch die Castrop-Rauxeler SPD vertreten werden.<\/p>\n","protected":false},"excerpt":{"rendered":"<p>Am vergangenen Samstag wurden auf der Kreisverbandsdelegiertenkonferenz des SPD Kreisverbandes Recklinghausen in der Stadthalle von Oer-Erkenschwick die Kandidatinnen und Kandidaten f\u00fcr die Kreistagswahl im September dieses Jahres aufgestellt. Darunter befinden sich vier Kandidatinnen und Kandidaten aus Castrop-Rauxel: Daniela Rotte f\u00fcr Henrichenburg und Habinghorst, &#8230;.<\/p>\n","protected":false},"author":1,"featured_media":691,"comment_status":"closed","ping_status":"closed","sticky":false,"template":"","format":"standard","meta":{"footnotes":""},"categories":[2,5],"tags":[35,39,36,34,37,40,33,32,38],"class_list":["post-689","post","type-post","status-publish","format-standard","has-post-thumbnail","hentry","category-inhaltsseiten","category-pressemitteilungen","tag-bludau","tag-castrop-rauxel","tag-goerke","tag-gollenbeck","tag-henrichenburg-2020","tag-kommunalwahl","tag-kreistag","tag-rotte","tag-spd-liste"],"_links":{"self":[{"href":"http:\/\/www.spd-henrichenburg.de\/index.php?rest_route=\/wp\/v2\/posts\/689","targetHints":{"allow":["GET"]}}],"collection":[{"href":"http:\/\/www.spd-henrichenburg.de\/index.php?rest_route=\/wp\/v2\/posts"}],"about":[{"href":"http:\/\/www.spd-henrichenburg.de\/index.php?rest_route=\/wp\/v2\/types\/post"}],"author":[{"embeddable":true,"href":"http:\/\/www.spd-henrichenburg.de\/index.php?rest_route=\/wp\/v2\/users\/1"}],"replies":[{"embeddable":true,"href":"http:\/\/www.spd-henrichenburg.de\/index.php?rest_route=%2Fwp%2Fv2%2Fcomments&post=689"}],"version-history":[{"count":6,"href":"http:\/\/www.spd-henrichenburg.de\/index.php?rest_route=\/wp\/v2\/posts\/689\/revisions"}],"predecessor-version":[{"id":774,"href":"http:\/\/www.spd-henrichenburg.de\/index.php?rest_route=\/wp\/v2\/posts\/689\/revisions\/774"}],"wp:featuredmedia":[{"embeddable":true,"href":"http:\/\/www.spd-henrichenburg.de\/index.php?rest_route=\/wp\/v2\/media\/691"}],"wp:attachment":[{"href":"http:\/\/www.spd-henrichenburg.de\/index.php?rest_route=%2Fwp%2Fv2%2Fmedia&parent=689"}],"wp:term":[{"taxonomy":"category","embeddable":true,"href":"http:\/\/www.spd-henrichenburg.de\/index.php?rest_route=%2Fwp%2Fv2%2Fcategories&post=689"},{"taxonomy":"post_tag","embeddable":true,"href":"http:\/\/www.spd-henrichenburg.de\/index.php?rest_route=%2Fwp%2Fv2%2Ftags&post=689"}],"curies":[{"name":"wp","href":"https:\/\/api.w.org\/{rel}","templated":true}]}}