{"id":654,"date":"2020-01-08T19:01:00","date_gmt":"2020-01-08T18:01:00","guid":{"rendered":"http:\/\/www.spd-henrichenburg.de\/?p=654"},"modified":"2020-06-30T00:31:15","modified_gmt":"2020-06-29T22:31:15","slug":"spd-ortsverein-henrichenburg-nominiert-kandidaten-fuer-stadtrat-kreistag-und-fordert-unterstuetzung-fuer-tus-henrichenburg","status":"publish","type":"post","link":"http:\/\/www.spd-henrichenburg.de\/?p=654","title":{"rendered":"SPD Ortsverein Henrichenburg nominiert Kandidaten f\u00fcr Stadtrat \/ Kreistag und fordert Unterst\u00fctzung f\u00fcr TuS Henrichenburg"},"content":{"rendered":"\n<p>In seiner <strong>letzten Mitgliederversammlung<\/strong> hat der SPD Ortsverein Henrichenburg seine Kandidatinnen und Kandidaten f\u00fcr die Wahlen des Stadtrates und des Kreistages im September 2020 nominiert. Mit jeweils einstimmigen Ergebnissen wurden dabei Daniela Rotte f\u00fcr Henrichenburg (Wahlkreis 7) und Marcus Pelzing f\u00fcr Becklem (Wahlkreis 8) als KandidatInnen bestimmt und somit in ihrer bisherigen Arbeit im Rat der Stadt Castrop-Rauxel <strong>anerkannt<\/strong>. Als Huckepackkandidatin f\u00fcr Daniela Rotte wurde die amtierende Stadtverbandsvorsitzende und Landtagsabgeordnete Lisa Kapteinat mit ebenfalls einstimmigem Ergebnis gew\u00e4hlt. Als Kandidatin des Ortsvereins f\u00fcr den Kreistag wurde Daniela Rotte das Vertrauen ausgesprochen. Diese w\u00fcrde somit die Nachfolge des aktuellen Kreistagsmitgliedes Lisa Kapteinat antreten. Daneben wurden zahlreiche Delegierte und Ersatzdelegierte f\u00fcr die Wahlkreiskonferenz zur Benennung der RatskandidatInnen sowie f\u00fcr die Stadt- und Kreisverbandsparteitage gew\u00e4hlt.<\/p>\n\n\n\n<h3 class=\"wp-block-heading\">Kunstrasen beim TuS: Pachtvertrag f\u00f6rderf\u00e4hig gestalten<\/h3>\n\n\n\n<p>Inhaltlich hat sich der Ortsverein insbesondere mit der Errichtung eines Kunstrasenfeldes f\u00fcr den TuS Henrichenburg auf dem Nebenplatz des aktuellen Spielfeldes besch\u00e4ftigt. Dieses Vorhaben findet die volle Unterst\u00fctzung des Ortsvereins, da der Platz insbesondere f\u00fcr die Jugendmannschaften genutzt werden soll und durch den Ganzjahresbetrieb in den Wintermonaten zu einer Entlastung bei den Hallenzeiten f\u00fcr andere Sportvereine f\u00fchren w\u00fcrde. Die SPD fordert den B\u00fcrgermeister und die Verwaltung daher auf, m\u00f6gliche formale Hindernisse <strong>f\u00fcr F\u00f6rderantr\u00e4ge<\/strong>, wie zum Beispiel bei der Ausgestaltung von (Pacht-)Vertr\u00e4gen <strong>und Vereinbarungen<\/strong>, zu beseitigen, sodass der Verein bei seinen aktuellen Bem\u00fchungen um F\u00f6rdermittel des Landes aus dem Programm \u201eModerne Sportst\u00e4tte 2022\u201c <strong>die besten Chancen auf einen Zuschlag hat<\/strong>.<\/p>\n","protected":false},"excerpt":{"rendered":"<p>In seiner letzten Mitgliederversammlung hat der SPD Ortsverein Henrichenburg seine Kandidatinnen und Kandidaten f\u00fcr die Wahlen des Stadtrates und des Kreistages im September 2020 nominiert. Mit jeweils einstimmigen Ergebnissen wurden dabei Daniela Rotte f\u00fcr Henrichenburg (Wahlkreis 7) und Marcus Pelzing f\u00fcr Becklem (Wahlkreis 8) als KandidatInnen bestimmt und somit in ihrer bisherigen Arbeit im Rat &#8230; <a title=\"SPD Ortsverein Henrichenburg nominiert Kandidaten f\u00fcr Stadtrat \/ Kreistag und fordert Unterst\u00fctzung f\u00fcr TuS Henrichenburg\" class=\"read-more\" href=\"http:\/\/www.spd-henrichenburg.de\/?p=654\" aria-label=\"Mehr Informationen \u00fcber SPD Ortsverein Henrichenburg nominiert Kandidaten f\u00fcr Stadtrat \/ Kreistag und fordert Unterst\u00fctzung f\u00fcr TuS Henrichenburg\">Weiterlesen<\/a><\/p>\n","protected":false},"author":4,"featured_media":700,"comment_status":"closed","ping_status":"closed","sticky":false,"template":"","format":"standard","meta":{"footnotes":""},"categories":[1,5],"tags":[31,8,14,29,32,30],"class_list":["post-654","post","type-post","status-publish","format-standard","has-post-thumbnail","hentry","category-allgemein","category-pressemitteilungen","tag-fussball","tag-henrichenburg","tag-kapteinat","tag-pelzing","tag-rotte","tag-tus-henrichenburg"],"_links":{"self":[{"href":"http:\/\/www.spd-henrichenburg.de\/index.php?rest_route=\/wp\/v2\/posts\/654","targetHints":{"allow":["GET"]}}],"collection":[{"href":"http:\/\/www.spd-henrichenburg.de\/index.php?rest_route=\/wp\/v2\/posts"}],"about":[{"href":"http:\/\/www.spd-henrichenburg.de\/index.php?rest_route=\/wp\/v2\/types\/post"}],"author":[{"embeddable":true,"href":"http:\/\/www.spd-henrichenburg.de\/index.php?rest_route=\/wp\/v2\/users\/4"}],"replies":[{"embeddable":true,"href":"http:\/\/www.spd-henrichenburg.de\/index.php?rest_route=%2Fwp%2Fv2%2Fcomments&post=654"}],"version-history":[{"count":3,"href":"http:\/\/www.spd-henrichenburg.de\/index.php?rest_route=\/wp\/v2\/posts\/654\/revisions"}],"predecessor-version":[{"id":659,"href":"http:\/\/www.spd-henrichenburg.de\/index.php?rest_route=\/wp\/v2\/posts\/654\/revisions\/659"}],"wp:featuredmedia":[{"embeddable":true,"href":"http:\/\/www.spd-henrichenburg.de\/index.php?rest_route=\/wp\/v2\/media\/700"}],"wp:attachment":[{"href":"http:\/\/www.spd-henrichenburg.de\/index.php?rest_route=%2Fwp%2Fv2%2Fmedia&parent=654"}],"wp:term":[{"taxonomy":"category","embeddable":true,"href":"http:\/\/www.spd-henrichenburg.de\/index.php?rest_route=%2Fwp%2Fv2%2Fcategories&post=654"},{"taxonomy":"post_tag","embeddable":true,"href":"http:\/\/www.spd-henrichenburg.de\/index.php?rest_route=%2Fwp%2Fv2%2Ftags&post=654"}],"curies":[{"name":"wp","href":"https:\/\/api.w.org\/{rel}","templated":true}]}}