{"id":46,"date":"2009-07-15T18:35:48","date_gmt":"2009-07-15T16:35:48","guid":{"rendered":"http:\/\/www.spd-henrichenburg.de\/?p=46"},"modified":"2009-07-15T18:35:48","modified_gmt":"2009-07-15T16:35:48","slug":"programm-der-spd-castrop-rauxel","status":"publish","type":"post","link":"http:\/\/www.spd-henrichenburg.de\/?p=46","title":{"rendered":"CAS-Plan 2020 &#8211; Das Kommunalwahlprogramm der SPD Castrop-Rauxel"},"content":{"rendered":"<h1 style=\"text-align: justify;\"><strong>Pr\u00e4ambel<\/strong><\/h1>\n<p style=\"text-align: justify;\">Castrop-Rauxel ist eine lebenswerte  Stadt. Mit Ecken und Kanten, mit Problemen, vor allem aber auch mit ganz  viel Potenzial. Castrop-Rauxel soll eine friedliche Stadt sein, in der  die Menschen gut leben und gut zusammen leben k\u00f6nnen. Castrop-Rauxel  soll eine Stadt sein, die niemanden zur\u00fcckl\u00e4sst, die sich um alle  bem\u00fcht, allen Chancen bietet und das SOZIALE gro\u00df schreibt und gute  Bildung, sichere Arbeit und qualitatives Wohnen f\u00fcr jedes Alter im  Ruhrgebiet erm\u00f6glicht! Castrop-Rauxel steht f\u00fcr Teilhabe aller Menschen,  gleich welcher Hautfarbe, welcher Herkunft und welcher Religion,  Glaubensgemeinschaft oder sexueller Identit\u00e4t. Die Gleichberechtigung  von Frau und Mann ist grundlegender Bestandteil unseres politischen  Denkens. All dieses soll die Grundlage f\u00fcr den CAS-Plan der SPD in  Castrop-Rauxel f\u00fcr die Jahre 2014 \u2013 2020 sein.<\/p>\n<p style=\"text-align: justify;\">Der CAS-Plan 2020 ist ein B\u00fcrgerplan und  in Gespr\u00e4chen mit den Menschen unserer Stadt, durch viele CAS-Touren  durch die Ortsteile, durch die CAS-Befragung und mit Hilfe von vielen  B\u00fcrgerinnen und B\u00fcrgern und Experten entstanden. Wir wollen den CAS-Plan  2020 in den n\u00e4chsten Jahren in mehreren B\u00fcrgerforen weiterentwickeln  und auf den Pr\u00fcfstand stellen, so dass unsere Arbeitsgrundlage dynamisch  weiterentwickelt und vertieft wird.<\/p>\n<p style=\"text-align: justify;\">\u00a0<\/p>\n<h1 style=\"text-align: justify;\"><strong><a name=\"Waswirerreichthaben\"><\/a>Was wir erreicht haben<\/strong><\/h1>\n<p style=\"text-align: justify;\">80 \/ 15 \/ 5, das ist die \u00dcberschrift der  letzten f\u00fcnf Jahre. Insgesamt haben wir 80 % von dem umgesetzt, was wir  versprochen und dar\u00fcber hinaus geschafft haben. 15 % haben wir noch  nicht zufrieden stellend gel\u00f6st aber wir arbeiten weiter daran. 5 %  haben sich leider als nicht umsetzbar erwiesen. Was das im Einzelnen  ist, finden Sie in unserer Bilanz.<\/p>\n<p style=\"text-align: justify;\">Die vergangenen f\u00fcnf Jahre stellten f\u00fcr  die SPD eine besondere Herausforderung dar. Bei vielen wichtigen  Entscheidungen zur Entwicklung dieser Stadt standen wir vor der  entscheidenden Frage: Nehmen wir den richtigen oder den leichten Weg?  Wir haben es uns nie leicht gemacht, alles abgewogen und viele Gespr\u00e4che  gef\u00fchrt. Auch wenn dies in vielen F\u00e4llen m\u00fc\u00dfig und zeitintensiv gewesen  ist, sind wir froh diesen Weg gegangen zu sein. Nur so konnten wir  etwas erreichen und unsere politischen Ziele aus dem  Kommunalwahlprogramm umsetzen.<\/p>\n<p style=\"text-align: justify;\">Bei der Schulentwicklung konnten wir  deutlich machen, dass eine geordnete zukunftsf\u00e4hige Schullandschaft die  Bildungschancen f\u00fcr alle Kinder verbessert. Insbesondere unsere  Weichenstellungen zum Ausbau der U3-Betreuung tragen deutlich Fr\u00fcchte.  Wir bieten so den Eltern die M\u00f6glichkeit, Beruf und Familie unter einen  Hut zu bringen.<\/p>\n<p style=\"text-align: justify;\">Im Bereich der Stadtentwicklung ist uns  mit der Sozialen Stadt Habinghorst ein ganz besonders wichtiges Projekt  gelungen. Wir haben mit allen engagierten B\u00fcrgerinnen und B\u00fcrgern daf\u00fcr  gesorgt, dass Habinghorst wieder zu einem lebenswerten Ortsteil wird.  Wir lassen keinen Stadtteil von Castrop-Rauxel mit seinen Problemen  allein. Unsere st\u00e4dtische Infrastruktur haben wir in den letzten f\u00fcnf  Jahren nachhaltig verbessert: Schulen wurden saniert, neue Turnhallen  gebaut, die Altstadt durch st\u00e4dtebauliche Ma\u00dfnahmen aufgewertet, in  Henrichenburg entsteht eine neue Feuerwache.<\/p>\n<p style=\"text-align: justify;\">Auch der Beschluss zur Gr\u00fcndung eigener  Stadtwerke resultierte aus unserer \u00dcberlegung, die \u00f6kologische  Notwendigkeit einer kommunalen Energiewende mit der \u00f6konomischen  Vernunft der Rekommunalisierung zu verbinden.<\/p>\n<p style=\"text-align: justify;\">Die Umsetzung der Themen in den letzten  Jahren erfolgte bei einer von au\u00dfen beeinflussten, historisch  schlechtesten Haushaltslage aller Zeiten in dieser Stadt. Wir haben in  den letzten Jahren einen schmerzhaften Weg beschritten \u2013 \u201eBis ans Limit  gehen \u2013 Stadt unter sozialen, umweltgerechten, wirtschaftlichen  Gesichtspunkten lebenswert erhalten!\u201c. Das war und ist unser Motto. Wir  haben bewusst einen Weg eingeschlagen, der anderen zeigen soll, dass wir  alles tun, was m\u00f6glich ist, ohne unsere Infrastruktur zu zerst\u00f6ren. Nur  so k\u00f6nnen wir auch Hilfen einfordern und bekommen bis jetzt 13  Millionen Euro zus\u00e4tzlich.<\/p>\n<p style=\"text-align: justify;\">Daher nehmen wir weiterhin den Bund, das  Land und den Kreis in die Pflicht, die Auswirkungen des Strukturwandels  anzuerkennen und mitzuhelfen, dass eine solidarische und ausreichende  Finanzierung f\u00fcr die Kommunen im Ruhrgebiet bereitgestellt wird. Die  Ank\u00fcndigungen im Koalitionsvertrag auf Bundesebene sind ein erster  Schritt und m\u00fcssen nun mit Leben gef\u00fcllt werden.<\/p>\n<p style=\"text-align: justify;\">Wir Sozialdemokratinnen und  Sozialdemokraten stehen weiterhin f\u00fcr eine soziale Politik der Abw\u00e4gung  zwischen notwendigem Sparen und dem Erhalt der Infrastruktur.<\/p>\n<p style=\"text-align: justify;\">Die SPD hat in den letzten f\u00fcnf Jahren  deutlich gemacht, dass Verantwortung, soziale Gerechtigkeit und der  Zusammenhalt der Menschen gemeinsame Werte dieser Stadt sind.<\/p>\n<h1 style=\"text-align: justify;\"><\/h1>\n<h1 style=\"text-align: justify;\"><strong>Was wir erreichen wollen &#8211; CAS-Plan 2020<\/strong><\/h1>\n<p style=\"text-align: justify;\">Die Stadt Castrop-Rauxel, als wichtiger  Teil des Ruhrgebiets, muss sich mit ihren St\u00e4rken und Schw\u00e4chen einen  zukunftsf\u00e4higen Platz neben den starken St\u00e4dten der Emscher-Lippe Region  sichern. Das bedeutet, dass wir nicht mit den \u201eGro\u00dfen\u201c konkurrieren  k\u00f6nnen, sondern daraus unsere Nischen ableiten. Wir brauchen kein  Konzerthaus, aber wir brauchen eine ortsteilnahe familienzielgerichtete  Kulturpolitik. Wir brauchen keine gro\u00dfen Arkaden, keine Center und  Shopping Malls, sondern wir brauchen f\u00fcr die Castrop-Rauxeler Menschen  qualitative Einkaufsm\u00f6glichkeiten. Wir brauchen keine Luftschl\u00f6sser, wir  brauchen konkrete Projekte vor Ort mit der sich alle identifizieren  k\u00f6nnen und durch die Stadt Castrop-Rauxel ihren Charme und ihr Flair  beh\u00e4lt.<\/p>\n<p style=\"text-align: justify;\">Wir sind uns bewusst, dass wir als  Kommune im Ruhrgebiet die gleichen sozialen und finanziellen  Rahmenbedingungen haben wie alle anderen auch. Durch den Strukturwandel,  das hei\u00dft, dem Wegfall von hunderttausenden von Arbeitspl\u00e4tzen im  Ruhrgebiet, die nur zu einem Bruchteil kompensiert werden konnten, leben  nun auf engem Raum viele Menschen, die Anspruch auf soziale Absicherung  haben und denen wir uns als Gesellschaft verpflichtet f\u00fchlen.<\/p>\n<p style=\"text-align: justify;\">Das Ruhrgebiet hat andere Regionen in  diesem Land mit aufgebaut. Nun fordern wir auch Hilfe von au\u00dfen ein, bis  wir wieder aus eigener Kraft nachhaltig leben k\u00f6nnen. Wir k\u00fcrzen seit  den 80er Jahren immer wieder Leistungen, streichen Stellen und arbeiten  als St\u00e4dte mehr zusammen. Wir stehen vor weit reichenden Entscheidungen,  wir gehen bis an die Grenze des Zumutbaren, aber wir sind nicht bereit  weitere Einschneidungen vorzunehmen. Denn das w\u00fcrde bedeuten, dass wir  die ben\u00f6tigte Infrastruktur f\u00fcr unsere Familien und die Wirtschaft  endg\u00fcltig kaputt machen, die wir nicht wieder aufbauen k\u00f6nnen \u2013 Das  m\u00fcssen wir verhindern &#8211; getreu dem Motto: \u201ebis an die Schmerzgrenze aber  nicht dar\u00fcber hinaus.\u201c<\/p>\n<p style=\"text-align: justify;\">\u00a0<\/p>\n<p style=\"text-align: justify;\"><strong>B\u00fcrgerkommune 2020<\/strong><\/p>\n<p> Die eingerichteten M\u00f6glichkeiten  der B\u00fcrgerbeteiligung haben in der letzten Ratsperiode ihre Wirkung  gezeigt. Die gute Beteiligung an der Sprechstunde des B\u00fcrgermeisters und  des B\u00fcrgerbeauftragten zeigen, dass die niederschwelligen Angebote gut  angenommen wurden. Diese gute Anbindung hat aber auch die Auswirkung,  dass es immer weniger Antr\u00e4ge im Ausschuss f\u00fcr B\u00fcrgeranliegen und  Beschwerden gab. <\/p>\n<p style=\"text-align: justify;\">Wir wollen, dass<\/p>\n<ul style=\"text-align: justify;\">\n<li>weiterhin eine\/n B\u00fcrgerbeauftragte\/n, der ehrenamtlich vom Rat  bestellt wird und f\u00fcr die Belange der B\u00fcrgerinnen und B\u00fcrger ein offenes  Ohr hat.<\/li>\n<li>die B\u00fcrgersprechstunden des B\u00fcrgermeisters weiterhin ein wichtiges  Mittel sind, um Nahe an den Problemen der B\u00fcrgerinnen und B\u00fcrger zu  sein.<\/li>\n<li>der B\u00fcrgerausschuss in den Ortsteilen tagt; um auch direkt auf die  Anregungen der B\u00fcrgerinnen und B\u00fcrger zu reagieren, soll ein  vorbereitender Termin im Ortsteil stattfinden.<\/li>\n<li>mehr Informationen und Themen aus den Sprechstunden in den B\u00fcrgerausschuss gelangen.<\/li>\n<\/ul>\n<p class=\"ListParagraph\" style=\"text-align: justify;\">\u00a0<\/p>\n<p style=\"text-align: justify;\">Wir wollen auch die Information zu  wichtigen Projekten der Stadt deutlich verbessern. Nur durch fr\u00fchzeitige  Informationsangebote lassen sich Missverst\u00e4ndnisse vermeiden und  Probleme fr\u00fchzeitig erkennen. Wir m\u00f6chten deshalb, dass die  Stadtverwaltung \u00fcber die gesetzlichen Pflichten hinaus,  B\u00fcrgerinformationsveranstaltungen anbietet.<\/p>\n<p style=\"text-align: justify;\">\u00a0<\/p>\n<p style=\"text-align: justify;\"><strong>Demokratie vor Ort st\u00e4rken!<\/strong><\/p>\n<p> Um B\u00fcrgerengagement zu f\u00f6rdern,  k\u00f6nnen wir uns vorstellen \u2013 \u00e4hnlich wie bei dem Projekt Soziale Stadt \u2013  ehrenamtliche Stadtteilbeir\u00e4te zu unterst\u00fctzen. Diese k\u00f6nnten dann ihre  Anregungen und Verbesserungsvorschl\u00e4ge f\u00fcr den Ortsteil direkt an den  Rat weiterleiten. Dies bedeutet auch, dass der Rat finanzielle Mittel  den Stadtteilbeir\u00e4ten zur Verf\u00fcgung stellen kann <\/p>\n<h1 style=\"text-align: justify;\"><\/h1>\n<h1 style=\"text-align: justify;\"><strong>CAS weiter sozial entwickeln<\/strong><\/h1>\n<p style=\"text-align: justify;\">Eine Nische, die Castrop-Rauxel im Kanon  des Ruhgebietes bietet, ist es, den B\u00fcrgerinnen und B\u00fcrgern ein  hervorragendes soziales Angebot zu bieten. Dies machen wir nicht nur,  damit die Kinder in unserer Stadt die besten Startchancen, sondern auch  weil wir dies als einen Wirtschafts- und Standortfaktor f\u00fcr  Arbeitnehmerinnen und Arbeitnehmer und somit f\u00fcr neue Unternehmen sehen.<\/p>\n<p>\u00a0<\/p>\n<p><strong>U3 und fr\u00fchkindliche F\u00f6rderung<\/strong><\/p>\n<p style=\"text-align: justify;\">Die fr\u00fchkindliche F\u00f6rderung bildet die  Grundlage f\u00fcr die weiteren Bildungschancen von Kindern und Jugendlichen  in unserer Gesellschaft. Wir haben in Castrop-Rauxel mit unserem  stetigen Ausbau der Betreuung Unter-3-j\u00e4hriger in den letzten Jahren  einen Spitzenplatz in NRW eingenommen. Aber darauf wollen wir uns nicht  ausruhen.<\/p>\n<p style=\"text-align: justify;\">Die SPD Castrop-Rauxel setzt sich vor  Ort f\u00fcr eine bessere Vereinbarkeit von Familie, Kinder und Beruf ein.  Hierzu ist es von zentraler Bedeutung, dass die Betreuungszeiten an den  kommunalen Kinderg\u00e4rten auch \u00fcber 16 Uhr hinaus ausgeweitet werden.<\/p>\n<p style=\"text-align: justify;\">Wir wollen daf\u00fcr sorgen, dass<\/p>\n<ul style=\"text-align: justify;\">\n<li>die Betreuungszeiten an den kommunalen Kinderg\u00e4rten auch \u00fcber 16 Uhr hinaus ausgeweitet werden<\/li>\n<li>in den kommenden sechs Jahren im Jugendamt alle fr\u00fchkindlichen  F\u00f6rderungsangebote koordiniert und den Eltern Informationen dazu in  einer mehrsprachigen Form zur Verf\u00fcgung gestellt werden.<\/li>\n<li>das \u201eRucksackprojekt\u201c weiter ausgebaut wird.<\/li>\n<li>die aufsuchende Kinder- und Jugendarbeit auf dem heutigen Niveau erhalten bleibt.<\/li>\n<li>die Betreuung Unter-3-j\u00e4hriger kontinuierlich bedarfsdeckend ausgebaut wird.<\/li>\n<li>die Familienzentren weiter gef\u00f6rdert und entwickelt und  Kooperationsm\u00f6glichkeiten, z.B. mit der Volkshochschule im Bereich der  Sprachf\u00f6rderung genutzt werden.<\/li>\n<\/ul>\n<h2 style=\"text-align: justify;\"><\/h2>\n<h2 style=\"text-align: justify;\"><strong>Schule<\/strong><\/h2>\n<p style=\"text-align: justify;\">Der Zugang zu Bildung und der  Bildungserfolg d\u00fcrfen nicht l\u00e4nger von der sozialen Herkunft abh\u00e4ngen.  Bildungspolitik ist Landespolitik. Dennoch wollen wir unseren Einfluss  geltend machen und f\u00fcr eine zukunftsf\u00e4hige Politik in Castrop-Rauxel die  Grundlagen schaffen. Wir haben in den letzten Jahren massive  Investitionen in die Geb\u00e4udesubstanz vorgenommen. Diesen guten  Erhaltungsstand der Geb\u00e4ude gilt es zu wahren und kontinuierlich den  neuen Bed\u00fcrfnissen anzupassen.<\/p>\n<p style=\"text-align: justify;\">Wir haben uns in den letzten Jahren der  Verantwortung f\u00fcr eine Schulentwicklungsplanung gestellt und versucht  die Bildungslandschaft so aufzustellen, dass es in jedem Stadtteil  integrative Angebote f\u00fcr die Eltern und Sch\u00fclerinnen und Sch\u00fcler gibt.  Wir akzeptieren den Elternwillen und sehen die politische  Schulentwicklungsplanung f\u00fcr die n\u00e4chsten Jahre vorausgezeichnet. Das  bedeutet, dass wir alle Schulen in unserer Stadt nach Kr\u00e4ften  unterst\u00fctzen werden.<\/p>\n<p class=\"ListParagraph\" style=\"text-align: justify;\">Wir wollen daf\u00fcr sorgen, dass<\/p>\n<ul style=\"text-align: justify;\">\n<li>alle Schulen mit Mensen und entsprechenden R\u00e4umlichkeiten f\u00fcr eine Ganztagsbetreuung ausgestattet werden.<\/li>\n<li>alle Schulen Ganztagsschulen werden. Die Ganztagsgrundschule muss  zur Regelschule werden. Daher werden wir den Druck auf die  Landesregierung erh\u00f6hen, damit es keine Elternbeitr\u00e4ge mehr gibt.<\/li>\n<li>der Bildungsfonds weiterhin nach Kr\u00e4ften unterst\u00fctzt wird, um an den  Schulen erg\u00e4nzende Angebote zu Sprachf\u00f6rderung, F\u00f6rderung des offenen  Ganztagsbereiches und Medienkompetenz mitzufinanzieren.<\/li>\n<li>sich die Schulen weiter in den Ortsteil \u00f6ffnen und B\u00fcrgerinnen und B\u00fcrgern zur Verf\u00fcgung stehen.<\/li>\n<li>die Schulh\u00f6fe weiterhin Spielfl\u00e4chen bleiben.<\/li>\n<li>der gute Erfolg mit Schulwegsicherungskonzepten weitergef\u00fchrt wird.<\/li>\n<li>das Projekt MAUS aus der Stadt Mannheim zur Umsetzung gepr\u00fcft wird.<\/li>\n<li>in Kooperation mit Bund, Land und Kreis der fl\u00e4chendeckende Ausbau der Schulsozialarbeit vorangetrieben wird.<\/li>\n<\/ul>\n<h2 style=\"text-align: justify;\"><\/h2>\n<h2 style=\"text-align: justify;\"><strong>Inklusion<a name=\"Inklusion\"><\/a><\/strong><\/h2>\n<p style=\"text-align: justify;\">Eine weitere schulstrukturelle  Entwicklung der kommenden Jahre wird darin bestehen, den anlaufenden  Inklusionsprozess zu unterst\u00fctzen. So muss in diesem Zusammenhang  zun\u00e4chst ein umfassendes Inklusionskonzept f\u00fcr die Stadt Castrop-Rauxel  aufgelegt werden, in dem Ma\u00dfnahmen zur konkreten Umsetzung dieses  Prozesses festgelegt werden. Das Ziel muss darin bestehen, dass allen  Kindern in Castrop-Rauxel ein barrierefreier Zugang zu allen Schulformen  erm\u00f6glicht wird.<\/p>\n<p style=\"text-align: justify;\">Die Umsetzung der Inklusion an den  nordrhein-westf\u00e4lischen Schulen wird in den Kommunen erhebliche  zus\u00e4tzliche Kosten verursachen. Der zus\u00e4tzliche Kostenaufwand entsteht  vor allem durch zus\u00e4tzlich notwendige Fach- und Klassenr\u00e4ume, durch die  Herstellung von Barrierefreiheit, durch behindertengerechte Lehr- und  Lernmittel sowie das dringend notwendige Assistenzpersonal (so genannte  Integrationshelfer).<\/p>\n<p style=\"text-align: justify;\">Wir wollen daf\u00fcr sorgen, dass<\/p>\n<ul style=\"text-align: justify;\">\n<li>ein Inklusionskonzept im breiten Prozess aufgestellt und danach zur Leitlinie einer inklusiven Schulpolitik wird.<\/li>\n<li>die Landesregierung die Konnexit\u00e4t anerkennt und die Kosten\u00fcbernahme garantiert.<\/li>\n<\/ul>\n<h2 style=\"text-align: justify;\"><\/h2>\n<h2 style=\"text-align: justify;\"><strong>Jugend<\/strong><\/h2>\n<p style=\"text-align: justify;\">Wir wollen daf\u00fcr sorgen, dass<\/p>\n<ul style=\"text-align: justify;\">\n<li>sich das Kinder- und Jugendparlament weiterentwickeln kann und noch umfassender in politische Prozesse einbezogen wird.<\/li>\n<li>die Qualit\u00e4t der Spielpl\u00e4tze weiter verbessert wird, hier ist Kreativit\u00e4t gefragt.<\/li>\n<li>ein \u00fcberparteiliches \u201eB\u00fcndnis f\u00fcr Demokratie\u201c Jugendlichen die  Parteienlandschaft in Castrop-Rauxel n\u00e4her bringt und dadurch die  Demokratie gest\u00e4rkt wird.<\/li>\n<li>die aufsuchende Familienarbeit bei Geburten gest\u00e4rkt wird.<\/li>\n<\/ul>\n<h2 style=\"text-align: justify;\"><\/h2>\n<h2 style=\"text-align: justify;\"><strong>Alter<\/strong><\/h2>\n<p style=\"text-align: justify;\">Wir setzen uns weiter daf\u00fcr ein, dass  \u00e4lteren Menschen ein w\u00fcrdevolles Leben im Alter erm\u00f6glicht wird. Dabei  soll in einem st\u00e4ndigen Kontakt mit Investoren und Baugesellschaften  darauf hingewirkt werden, dass das Integrative Wohnen weiter nach vorne  gebracht wird. Auch weitere Wohnmodelle wie z.B. Frauen WGs (siehe  Projekte in K\u00f6ln und Essen) sollen hier in den Fokus ger\u00fcckt werden.<\/p>\n<p style=\"text-align: justify;\">Wir stellen die \u00e4lter werdende Stadt in  den Mittelpunkt, unterst\u00fctzen die Seniorenberatung in der  Stadtverwaltung und f\u00f6rdern Wohnbauprojekte f\u00fcr die \u00e4ltere werdende  Gesellschaft unserer Stadt.<\/p>\n<p style=\"text-align: justify;\">\u00a0<\/p>\n<p style=\"text-align: justify;\">Wir wollen daf\u00fcr sorgen, dass<\/p>\n<ul style=\"text-align: justify;\">\n<li>es mehr barrierefreien und altengerechten Wohnraum in den Stadteilen gibt.<\/li>\n<li>auch Wohnmodelle wie z.B. Frauen WGs in den Fokus ger\u00fcckt werden.<\/li>\n<li>es eine verst\u00e4rkte Arbeit mit \u00e4lteren Menschen in dieser Stadt gibt.<\/li>\n<li>es in den n\u00e4chsten sechs Jahren eine aufsuchende Altenarbeit gibt.<\/li>\n<li>die Projekte, die \u00c4ltere in das soziale Leben dieser Gesellschaft einbinden nachhaltig verst\u00e4rkt werden.<\/li>\n<li>in einem st\u00e4ndigen Dialog mit Wohnungsgesellschaften und Architekten das Thema des intergenerativen Wohnens sensibilisiert wird.<\/li>\n<li>selbst organisierte Prozesse von \u00c4lteren vor Ort unterst\u00fctzt werden.<\/li>\n<\/ul>\n<p class=\"ListParagraph\" style=\"text-align: justify;\">\u00a0<\/p>\n<h2 style=\"text-align: justify;\"><strong><a name=\"Frauenpolitik\"><\/a>Frauenpolitik<\/strong><\/h2>\n<p style=\"text-align: justify;\">Wir setzen uns weiter daf\u00fcr ein, dass  Frauen f\u00fcr gleiche Arbeit den gleichen Lohn wie ihre m\u00e4nnlichen Kollegen  erhalten und dass dies im Landesgleichstellungsgesetz seine Anwendung  findet. Frauen m\u00fcssen bei gleicher Eignung und gleicher Qualifikation  bei der Besetzung von h\u00f6herwertigen T\u00e4tigkeiten vorrangig ber\u00fccksichtigt  werden.<\/p>\n<p style=\"text-align: justify;\">Um diesem Anspruch der Frauen auch in  unserer eigenen Politik gerecht zu werden, haben wir unsere  Direktwahlkreise und unsere Listenpl\u00e4tze im Rei\u00dfverschlussverfahren  besetzt und quotiert.<\/p>\n<p style=\"text-align: justify;\">Bereits jetzt ist Altersarmut in unserer  Gesellschaft vielerorts sichtbar und sp\u00fcrbar. Daher wird es zuk\u00fcnftig  umso wichtiger, dieser Entwicklung entgegen zu wirken. Insbesondere  Frauen sind von Armut im Alter h\u00e4ufig betroffen, da diese aufgrund von  Kindererziehungszeiten, der Pflege von Familienangeh\u00f6rigen oder der  R\u00fcckkehr in Arbeit in Teilzeit keine ausreichenden Rentenanspr\u00fcche  erwirtschaften k\u00f6nnen. Die SPD Castrop-Rauxel wird sich daf\u00fcr einsetzen  dieser Entwicklung entgegenzuwirken, sowohl auf Bundes- und Landesebene,  wie auch direkt vor Ort.<\/p>\n<p style=\"text-align: justify;\">\u00a0<\/p>\n<h2 style=\"text-align: justify;\"><strong><a name=\"Integration\"><\/a>Integration<\/strong><\/h2>\n<p style=\"text-align: justify;\">Wir begr\u00fc\u00dfen die \u00c4nderungen des Landes  (z.B. Stellvertreterregelung) an der Organisation der Integrationsr\u00e4te  und wollen diese sinnvoll erg\u00e4nzen. So sollen in Zukunft, wie in jedem  anderen Ratsausschuss auch, st\u00e4rker Vorlagen der Verwaltung zur Beratung  vorgelegt werden, so dass der Integrationsrat seine Querschnittsaufgabe  auch wahrnehmen kann. Bisher ist der Integrationsrat der einzige  Ausschuss, der sich seine Vorlagen selber erarbeiten muss.<\/p>\n<p style=\"text-align: justify;\">Auf der Lange Stra\u00dfe soll ein  Integrationszentrum eingerichtet werden. Das Thema Integration wird auch  in den kommenden Jahren ein Schwerpunktthema sein. Die  Handlungsm\u00f6glichkeiten der Integrationsbeauftragten sollen ausgebaut und  das Integrationskonzept in konkreten Ma\u00dfnahmen umgesetzt werden.<\/p>\n<p style=\"text-align: justify;\">\u00a0<\/p>\n<p style=\"text-align: justify;\">Wir wollen daf\u00fcr sorgen, dass<\/p>\n<ul style=\"text-align: justify;\">\n<li>der Integrationsrat wieder beratende Mitglieder aufnehmen kann.<\/li>\n<li>der Integrationsrat in seiner Verantwortung innerhalb des Ausschusswesens gest\u00e4rkt wird.<\/li>\n<li>die Vorlagen f\u00fcr den Integrationsrat mit den anderen Aussch\u00fcssen abgestimmt werden.<\/li>\n<li>die Moscheegemeinde auf Schwerin den Umbau der Moschee und der Teestube vollenden kann.<\/li>\n<li>die AGORA weiterhin ein leuchtendes Beispiel f\u00fcr Integration ist.<\/li>\n<\/ul>\n<p class=\"ListParagraph\" style=\"text-align: justify;\">\u00a0<\/p>\n<p style=\"text-align: justify;\">\u00a0<\/p>\n<h1 style=\"text-align: justify;\"><strong><a name=\"CASVerkehr\"><\/a>CAS Verkehr weiter gestalten<\/strong><\/h1>\n<p style=\"text-align: justify;\">Zu begr\u00fc\u00dfen ist, dass mit dem von der  SPD seit langem gefordertem Weiterbetrieb der Regionalbahn 43  \u201eEmschertalbahn\u201c die Anbindung von der Altstadt und Merklinde in  Richtung Herne und Dortmund mit vielf\u00e4ltigen Umsteigem\u00f6glichkeiten in  das Ruhrgebiet gegeben ist. Der jetzt langfristig gesicherte Betrieb  muss besser mit dem Busverkehr verkn\u00fcpft werden und f\u00fcr barrierefreie  Einstiege ist Sorge zu tragen. Jeder Fahrgast mehr im \u00d6PNV entlastet  Umwelt und st\u00e4dtische Finanzen.<\/p>\n<p style=\"text-align: justify;\">Im neu aufzustellenden Nahverkehrsplan  des Kreises Recklinghausen m\u00fcssen die Verkn\u00fcpfungen der Buslinien am  M\u00fcnsterplatz insbesondere in den Schwachverkehrszeiten optimiert werden.  Es m\u00fcssen dringend weitere Bushaltestellen f\u00fcr barrierefreien Ein- und  Ausstieg ert\u00fcchtigt werden.<\/p>\n<h2 style=\"text-align: justify;\"><\/h2>\n<h2 style=\"text-align: justify;\"><\/h2>\n<h2 style=\"text-align: justify;\"><strong>Ausbau der Radwege<\/strong><\/h2>\n<p style=\"text-align: justify;\">Neben der schon seit Jahren bestehenden  \u201eGr\u00fcnen Acht\u201c m\u00fcssen weiter Nord-S\u00fcd und Ost-West Verbindungen f\u00fcr die  t\u00e4glichen Wege mit dem Rad geschaffen werden. So bestehen entlang der  B235 L\u00fccken in Habinghorst und an der Wartburgstra\u00dfe zwischen Emscher  und Lange Stra\u00dfe. Die haupts\u00e4chlich dem Freizeitverkehr dienenden  Radwege, entlang von Emscher und Rhein-Herne-Kanal, m\u00fcssen noch besser  mit dem \u00fcbrigen Netz verkn\u00fcpft werden. Zus\u00e4tzlich wollen wir die  Einrichtung von Haltestellen des \u201emetropolradruhr\u201c in Castrop-Rauxel.<\/p>\n<p style=\"text-align: justify;\">\u00a0<\/p>\n<h2 style=\"text-align: justify;\"><strong><a name=\"Strassennetz\"><\/a>Stra\u00dfennetz<\/strong><\/h2>\n<p style=\"text-align: justify;\">Hier muss Erhalt vor Neubau stehen. So  ist ein Erhalt des Stra\u00dfennetzes dringend geboten, um nicht sp\u00e4ter vor  deutlich h\u00f6heren Reparaturkosten zu stehen. Insbesondere Stra\u00dfen in den  Vororten m\u00fcssen dabei neben den Hauptstra\u00dfen im Vordergrund stehen.<\/p>\n<p style=\"text-align: justify;\">Dar\u00fcber hinaus sind kleinere Stadtteile  wie Dingen, P\u00f6ppinghausen und Becklem nur sehr schlecht mit dem \u00d6PNV zu  erreichen. Dieser Zustand ist zu durchbrechen. Selbst dann, wenn sich  die Einrichtung einer weiteren Buslinie nicht als kostendeckend erweisen  sollte, w\u00e4ren Alternativen wie die Einrichtung eines Anrufsammeltaxis  zu pr\u00fcfen.<\/p>\n<p style=\"text-align: justify;\">Den Bau der B 474n \u00fcber Castrop-Rauxeler Stadtgebiet lehnen wir ab.<\/p>\n<p style=\"text-align: justify;\">\u00a0<\/p>\n<p style=\"text-align: justify;\">Wir wollen daf\u00fcr sorgen, dass<\/p>\n<ul style=\"text-align: justify;\">\n<li>die Stra\u00dfen und Gehwege in Castrop-Rauxel weiter saniert werden.<\/li>\n<li>weitere Bushaltestellen f\u00fcr einen barrierefreien Ein- und Ausstieg ert\u00fcchtigt werden.<\/li>\n<li>weitere Nord-S\u00fcd und Ost-West Verbindungen f\u00fcr die t\u00e4glichen Wege mit dem Rad geschaffen werden.<\/li>\n<li>die Park&amp;Ride &#8211; Parkpl\u00e4tze am Hauptbahnhof weiter ausgebaut werden.<\/li>\n<li>f\u00fcr die weitere Verbesserung des Stra\u00dfenraumes der Bau von Kreisverkehren vorangetrieben wird.<\/li>\n<li>die B235 zwischen der A42 und der Nordachse mit Neugestaltung der  Unterf\u00fchrung unter der K\u00f6ln-Mindener Eisenbahn vorangetrieben wird.<\/li>\n<\/ul>\n<p style=\"text-align: justify;\">\u00a0<\/p>\n<p style=\"text-align: justify;\">\u00a0<\/p>\n<h1 style=\"text-align: justify;\"><strong>Sozialer Zusammenhalt der <a name=\"Stadtteile\"><\/a>Stadtteile<\/strong><\/h1>\n<p style=\"text-align: justify;\">Wir werden unsere Aktivit\u00e4ten zu einer  \u201esozialen Stadt f\u00fcr alle&#8220; fortsetzen. Wir werden uns als  Sozialdemokratinnen und Sozialdemokraten daran messen lassen, dass wir  keine Stadtteile oder Stra\u00dfenz\u00fcge aufgeben. Dabei wollen wir  Ortsteilprozesse f\u00f6rdern, aber die Menschen auch fordern. Die  Integration aller Menschen steht dabei im Mittelpunkt.<\/p>\n<p style=\"text-align: justify;\">\u00a0<\/p>\n<p style=\"text-align: justify;\">Wir wollen daf\u00fcr sorgen, dass<\/p>\n<ul style=\"text-align: justify;\">\n<li>die Reinigung der Gehwege und Stra\u00dfen besser organisiert wird und  die B\u00fcrgerinnen und B\u00fcrger eine \u00dcbersicht der n\u00e4chsten Reinigungspunkte  einsehen k\u00f6nnen.<\/li>\n<li>die Stra\u00dfen und Gehwege in den Stadtteilen saniert und erneuert  werden. Dazu werden wir das B\u00fcgersteigsanierungsprogramm erweitern.<\/li>\n<li>Verkehrskontrollen nach M\u00f6glichkeit dezentral in den Stadtteilen erfolgen.<\/li>\n<li>die B\u00fcrgerinnen und B\u00fcrger Verantwortung in ihren Stadteilen \u00fcbernehmen k\u00f6nnen.<\/li>\n<\/ul>\n<h1 style=\"text-align: justify;\"><\/h1>\n<p class=\"Textbody\" style=\"text-align: justify;\">\u00a0<\/p>\n<h1 style=\"text-align: justify;\"><strong><a name=\"CASStadtwerke\"><\/a>CAS Stadtwerke<\/strong><\/h1>\n<p style=\"text-align: justify;\">F\u00fcr die SPD in Castrop-Rauxel steht im  Vordergrund, dass Kommunalwirtschaft und privatwirtschaftliche  Unternehmen unterschiedliche Ziele haben. So sind kommunale Unternehmen  grunds\u00e4tzlich der Gemeinde und somit den Interessen von B\u00fcrgerinnen und  B\u00fcrgern verpflichtet. Private Unternehmen hingegen sind in erster Linie  ihren Anteilseignern verpflichtet und erf\u00fcllen nur einen Vertrag mit  einer Kommune. Unserer \u00dcberzeugung nach sollten daher die  Bet\u00e4tigungsfelder der Daseinsvorsorge wie die Strom-, Gas- und  Wasserversorgung generell in kommunaler Hand bleiben. Wir sehen die  Gemeindewirtschaft als Teil der kommunalen Leistungserbringung und erst  sekund\u00e4r als Wirtschaftsunternehmen. Die Stadtwerke sind f\u00fcr Ihre  Eigent\u00fcmer strategische gewinnorientierte Unternehmen und erwirtschaften  auch Beitr\u00e4ge f\u00fcr das Gemeinwohl.<\/p>\n<p style=\"text-align: justify;\">\u00a0<\/p>\n<p style=\"text-align: justify;\">Wir sehen in Stadtwerken  Einflussm\u00f6glichkeiten f\u00fcr eine nachhaltige Energiewende. Bereits 2007  haben wir uns auf den Weg gemacht, als Modellstadt f\u00fcr innovative  Energiepolitik die Energiewende einzuleiten. So haben wir bereits den  Bezug von \u00d6kostrom f\u00fcr alle kommunalen Geb\u00e4ude realisiert. Die gro\u00dfen  Energieversorger haben mit ihren Kraftwerksanlagen ein wirtschaftliches  Ziel, nicht das Ziel eine dezentrale, umweltgerechte und nachhaltige  Energieversorgung aufzubauen und vorzuhalten. Genau hier liegt aber  unser politischer Grundgedanke, sowie unsere Verantwortung und die  St\u00e4rke von Stadtwerken. Die Barrieren f\u00fcr die Einrichtung von Solar-,  Blockheiz- und Windkraftanlagen sind gesunken, dass sie auch f\u00fcr  kleinere Stadtwerke wirtschaftlich darstellbar sind.<\/p>\n<p style=\"text-align: justify;\">Wir wollen mit Stadtwerken  Gestaltungsspielraum f\u00fcr das Gemeinwohl erhalten. So k\u00f6nnen unter dem  Dach der Stadtwerke neben dem Kerngesch\u00e4ft der Energieversorgung auch  verschiedene kommunale Angebote zusammengef\u00fchrt und betrieben werden.  Wir gehen davon aus, dass durch die Gr\u00fcndung von Stadtwerken eine  langfristige Entlastung des st\u00e4dtischen Haushalts erfolgen wird und  somit wieder mehr Handlungsspielraum gewonnen werden kann.<\/p>\n<p style=\"text-align: justify;\">\u00a0<\/p>\n<p style=\"text-align: justify;\">Wir wollen mit Stadtwerken eine  Gemeinwohlorientierung. Wir wollen \u00fcber Stadtwerke die Auftragsvergabe  an bestimmte soziale Mindeststandards kn\u00fcpfen. Mit einer lokalen  Auftragsvergabe, ist es m\u00f6glich, dass die Wertsch\u00f6pfung in unserer Stadt  bleibt. Gerade Castrop-Rauxeler Unternehmen haben sich in der  Vergangenheit eine Kernkompetenz in den Feldern der Energiewirtschaft  erarbeitet und k\u00f6nnen von Stadtwerken Castrop-Rauxel wirtschaftlich  profitieren.<\/p>\n<p style=\"text-align: justify;\">\u00a0<\/p>\n<p style=\"text-align: justify;\">Wir wollen mit Stadtwerken mehr  kommunalen Nutzen erwirken. Wir wollen den B\u00fcrgerinnen und B\u00fcrgern einen  Einfluss durch ihre gew\u00e4hlten Vertreterinnen und Vertreter im Rat der  Stadt und damit einen Wettbewerb der Ideen erm\u00f6glichen.<\/p>\n<p style=\"text-align: justify;\">Zugleich wollen wir aber auch eine  direkte finanzielle Beteiligung erm\u00f6glichen und so die Stadtwerke breit  in der Stadtgesellschaft aufstellen. Dabei denken wir z.B. an die  Errichtung einer Windkraftanlage, die durch direkte Beteiligung der  B\u00fcrgerinnen und B\u00fcrger realisiert werden k\u00f6nnte. Dabei dient uns das  erfolgreiche b\u00fcrgerschaftliche Engagement von B\u00fcrgersolar als Vorbild.<\/p>\n<p style=\"text-align: justify;\">\u00a0<\/p>\n<p style=\"text-align: justify;\">Wir wollen mit Stadtwerken Vereine und  B\u00fcrgerengagement finanziell von den Einnahmen profitieren lassen. Der  Gewinn von Stadtwerken bleibt in der Stadt und kommt u.a. den  B\u00fcrgerinnen und B\u00fcrgern zugute. Diese F\u00f6rderung kann durch Projekte vor  Ort geschehen wie z.B. durch Sponsoring in Sport und Kultur.<\/p>\n<p style=\"text-align: justify;\">\u00a0<\/p>\n<p style=\"text-align: justify;\">Die Konzession f\u00fcr das Strom- und  Gasnetz l\u00e4uft in Castrop-Rauxel am 31.12.2019 aus. Wenn die  Voraussetzungen weiterhin positiv sind, wollen wir den Einstieg in den  Netzbetrieb mit einem Partner pr\u00fcfen. Diese Pr\u00fcfung muss langfristig und  mit professioneller Hilfe angegangen werden. Es gibt eine  Grundvoraussetzung daf\u00fcr, wie dieser Prozess einer m\u00f6glichen  Netz\u00fcbernahme weitergeht:<\/p>\n<p style=\"text-align: justify;\">Ein unabh\u00e4ngiges  Wirtschaftspr\u00fcfungsunternehmen muss darlegen, dass es sich  wirtschaftlich lohnt, weitere Schritte in Richtung Gr\u00fcndung von  Netz-Stadtwerken zu unternehmen.<\/p>\n<p style=\"text-align: justify;\">\u00a0<\/p>\n<p style=\"text-align: justify;\">Wir glauben, dass Stadtwerke in  kommunaler Verantwortung ein verl\u00e4sslicher Partner f\u00fcr die B\u00fcrgerinnen  und B\u00fcrger sein werden. Auch zuk\u00fcnftig wird damit sichergestellt, dass  jeder den Zugang zu preiswerter Energie in Form von Gas und Strom  bekommt. Gleichzeitig stellen wir durch die Beschaffung der Energie  sicher, dass der Strom zu 100 % aus erneuerbaren Energien bezogen wird.<\/p>\n<p style=\"text-align: justify;\">\u00a0<\/p>\n<h1 style=\"text-align: left;\"><strong><a name=\"KommunaleVerantwortung\"><\/a>Kommunale Verantwortung f\u00fcr Arbeit und wirtschaftliche Entwicklung<\/strong><\/h1>\n<p style=\"text-align: justify;\">Getreu dem Vestischen Appell, sind wir  der \u00dcberzeugung, dass die B\u00fcrgerinnen und B\u00fcrger in W\u00fcrde am sozialen  und kulturellen Leben ihrer Region teilhaben m\u00fcssen. Hierzu geh\u00f6rt das  Lebensgef\u00fchl, gebraucht zu werden und im Rahmen der individuellen  M\u00f6glichkeiten f\u00fcr den eigenen Lebensunterhalt sorgen zu k\u00f6nnen. Jeder  Mensch hat St\u00e4rken, Eigenschaften und Potenziale, die er zum Wohle der  Gemeinschaft einsetzen kann. Dies muss in einer solidarischen  Gesellschaft auf menschenw\u00fcrdige Weise erm\u00f6glicht werden.<\/p>\n<p style=\"text-align: justify;\">Die langj\u00e4hrigen Erfahrungen in der  Vestischen Region zeigen, dass sogar bei positiver Konjunkturentwicklung  eine Vielzahl langzeitarbeitsloser Menschen keine Besch\u00e4ftigung in  unserer Region und im erreichbaren Umland findet. Die Talente und  Potenziale langzeitarbeitsloser Menschen werden auf dem Arbeitsmarkt  nicht nachgefragt. H\u00e4ufig sind es Menschen, die vor allem individuelle  Schwierigkeiten gesundheitlicher, pers\u00f6nlicher und sozialer Art  aufweisen. Damit wird Ihnen die Chance auf Besch\u00e4ftigung erschwert.. Die  damit verbundenen positiven Auswirkungen auf die individuelle  Lebenssituation entfallen. F\u00fcr viele wird daraus eine Spirale der  Hoffnungslosigkeit mit sich verfestigenden psychosozialen Probleme.<\/p>\n<p style=\"text-align: justify;\">\u00a0<\/p>\n<p style=\"text-align: justify;\">Wir sehen uns in der Verantwortung,  diesen Menschen \u00fcber einen \u201eSozialen Arbeitsmarkt\u201c eine sinnstiftende,  sozialversicherungspflichtige Besch\u00e4ftigung zu geben. Sie sollen die  M\u00f6glichkeit bekommen, ihr Leben wieder selbst zu gestalten, wertvolle  Beitr\u00e4ge f\u00fcr die Gesellschaft in Castrop-Rauxel und im Kreis  Recklinghausen zu leisten und sich als bedeutender Bestandteil  menschlicher Gemeinschaft zu erleben. Wir d\u00fcrfen niemanden ausgrenzen.  Zur W\u00fcrde des Menschen \u2013 dem zentralen Menschenrecht unseres  Grundgesetzes &#8211; geh\u00f6rt, dass soziale Ausgrenzung vermieden wird.<\/p>\n<p style=\"text-align: justify;\">Wir wissen, dass auch in anderen St\u00e4dten  Menschen in der Arbeitsgesellschaft an den Rand gedr\u00e4ngt werden, weil  ihr Arbeitsverm\u00f6gen nicht nachgefragt wird. Jedoch in kaum einem anderen  Landesteil ist der Anteil aus der Arbeitsgesellschaft Ausgeschlossener  an der Gesamtbev\u00f6lkerung so hoch wie im Kreis und im \u00fcbrigen n\u00f6rdlichen  Ruhrgebiet. Spuren der Verarmung und sozialen Desintegration sind in  unserer Region l\u00e4ngst un\u00fcbersehbar.<\/p>\n<p style=\"text-align: justify;\">Wir richten uns deshalb auch an die  Bundes- und die Landesregierung in NRW, einen sozial ausgerichteten  Arbeitsmarkt f\u00fcr dauerhaft nicht vermittelbare, aber erwerbsf\u00e4hige  Menschen aufzubauen.<\/p>\n<p style=\"text-align: justify;\">\u00a0<\/p>\n<p style=\"text-align: justify;\">Wir schlagen vor, dass eingesparte  Bundesmittel f\u00fcr Arbeitslosengeld II sowie eingesparte kommunale Mittel  f\u00fcr Kosten der Unterkunft in die Finanzierung eines sozialen  Arbeitsmarkts eingebracht werden. Dar\u00fcber hinaus soll das Jobcenter zur  Qualifizierung und weiteren F\u00f6rderung der langzeitarbeitslosen Menschen  des sozialen Arbeitsmarkts beitragen. F\u00fcr eine Realisierung des  \u201eSozialen Arbeitsmarkt\u201c ist eine Aufstockung des Bundes der genannten  Finanzierungsbeitr\u00e4ge zwingend erforderlich. Die St\u00e4dte des Vestischen  Kreises sind allesamt \u00fcberschuldet und dem Nothaushaltsrecht  unterworfen.<\/p>\n<p style=\"text-align: justify;\">Die gro\u00dfen sozialen Verwerfungen im  n\u00f6rdlichen Ruhrgebiet infolge des lang anhaltenden Strukturwandels  werden in den kommenden Jahren durch den Kohler\u00fcckzug mit einem weiteren  Verlust von zehntausenden Arbeitspl\u00e4tzen weiter versch\u00e4rft. Chancen auf  eine erfolgreiche Selbsthilfe der Vestischen Region bestehen, ohne  weitere Unterst\u00fctzung, auf lange Sicht nicht. Das n\u00f6rdliche Ruhrgebiet  entfernt sich derzeit immer weiter von den Lebensverh\u00e4ltnissen im  \u00fcbrigen Bundesgebiet. Beispielsweise gibt es schon jetzt weniger  sozialversicherungspflichtige Arbeitspl\u00e4tze je 1.000 Einwohner als im  strukturschwachen Land Brandenburg.<\/p>\n<p style=\"text-align: justify;\">Dabei sind sich die Beteiligten einig,  dass die Vorrangigkeit des Arbeitsmarktes gegen\u00fcber \u00f6ffentlich  gef\u00f6rderter Besch\u00e4ftigung gesichert bleiben muss. Durch die  verfahrensm\u00e4\u00dfige Einbindung der Sozialpartner soll sichergestellt  werden, dass \u00f6ffentliche Besch\u00e4ftigung nur zus\u00e4tzlich und im  \u00f6ffentlichen Interesse erfolgt.<\/p>\n<p style=\"text-align: justify;\">\u00a0<\/p>\n<p style=\"text-align: justify;\">Wir werden dabei mithelfen, dass niemand von gesellschaftlichen Teilhabeprozessen durch Arbeitslosigkeit ausgeschlossen wird.<\/p>\n<p style=\"text-align: justify;\">\u00a0<\/p>\n<p style=\"text-align: justify;\">Wir werden den Weg der wirtschaftlichen  Schwerpunktsetzung weiter verfolgen und die Sanierung der Altstandorte  vollenden. Den Ausbau der Altstandorte werden wir weiter vorantreiben.  R\u00fctgers Germany werden wir bei seinen Bem\u00fchungen um Neuansiedlungen im  Unternehmensumfeld unterst\u00fctzen.<\/p>\n<p style=\"text-align: justify;\">Wirtschafts- und Arbeitsmarktpolitik  kann nur koordiniert in der Region gelingen. Deshalb tragen wir das  regionale Konzept des newPark in einer sozial-, umwelt- und  finanzpolitisch akzeptablen Form mit. Die unabdingbare Voraussetzung  daf\u00fcr ist allerdings, dass es keine Anreize f\u00fcr eine Verlagerung von  Castrop-Rauxeler Unternehmen geben wird. Dieses muss durch klare  Vereinbarungen im Gesellschaftervertrag festgelegt werden. Dazu geh\u00f6rt  eine betriebliche Mindestgr\u00f6\u00dfe von 30 ha und eine Mindestgr\u00f6\u00dfe von 80 ha  f\u00fcr Verbundl\u00f6sungen (maximal vier Betriebe).<\/p>\n<p style=\"text-align: justify;\">\u00a0<\/p>\n<p style=\"text-align: justify;\">Wir wollen daf\u00fcr sorgen, dass<\/p>\n<ul style=\"text-align: justify;\">\n<li>der oben zitierten Vestischen Appell mit allen Kr\u00e4ften unterst\u00fctzt  und umgesetzt wird und die Schaffung einer kommunalen bzw. regionalen  Besch\u00e4ftigungsgesellschaft zur gegebenen Zeit wieder gepr\u00fcft wird.<\/li>\n<li>die Ausbildungsverpflichtung der Stadt weiter besteht und die  Ausbildungs- und Praktikumspl\u00e4tze in der heutigen Gr\u00f6\u00dfenordnung weiter  zur Verf\u00fcgung stehen.<\/li>\n<li>die Reinigungskr\u00e4fte der Stadt weiterhin auch bei der Stadt  besch\u00e4ftigt bleiben, Privatisierungen in diesem Bereich lehnen wir ab!<\/li>\n<\/ul>\n<p style=\"text-align: justify;\">\u00a0<\/p>\n<p style=\"text-align: justify;\">\u00a0<\/p>\n<h1 style=\"text-align: justify;\"><strong><a name=\"Sport\"><\/a>Sport und Freizeit f\u00fcr alle!<\/strong><\/h1>\n<p style=\"text-align: justify;\">Wir werden vorbildliche Initiativen zur  sozialen Integration in den Vereinen \u2013 insbesondere in den Sportvereinen  \u2013 unterst\u00fctzen. Ein solches vorbildliches Engagement ist unter anderem  die AIDS-Gala.<\/p>\n<p style=\"text-align: justify;\">\u00a0<\/p>\n<p style=\"text-align: justify;\">Wir werden daf\u00fcr eintreten, dass die  Belange von Menschen mit Handicap in allen Bereichen ber\u00fccksichtigt  werden. Insbesondere muss die Stadtentwicklung im \u00f6ffentlichen Raum und  in \u00f6ffentlichen Geb\u00e4uden darauf ausgerichtet sein.<\/p>\n<p style=\"text-align: justify;\">\u00a0<\/p>\n<p style=\"text-align: justify;\">Wir wollen daf\u00fcr sorgen, dass<\/p>\n<ul style=\"text-align: justify;\">\n<li>\u201eSport und Freizeit f\u00fcr alle&#8220; sichergestellt wird.<\/li>\n<li>sich das Parkbad Nord zum attraktiven Veranstaltungsort entwickelt<\/li>\n<li>es eine vermehrte Schaffung von \u201efreien Spielfl\u00e4chen&#8220; (z.B. Bolzpl\u00e4tzen) gibt.<\/li>\n<\/ul>\n<p class=\"ListParagraph\" style=\"text-align: justify;\">\u00a0<\/p>\n<p class=\"ListParagraph\" style=\"text-align: justify;\">\u00a0<\/p>\n<h1 style=\"text-align: justify;\"><strong><a name=\"Handlungsfaehigkeit\"><\/a>St\u00e4dtische Handlungsf\u00e4higkeit und gesunde Infrastruktur<\/strong><\/h1>\n<p style=\"text-align: justify;\">Wir wollen Handlungsf\u00e4higkeit im Sinne  einer demokratisch gestaltungsf\u00e4higen Stadt zur\u00fcckgewinnen. Deshalb  wollen wir den Einfluss auf wichtige Fl\u00e4chen im Stadtgebiet erhalten.<\/p>\n<p style=\"text-align: justify;\">\u00a0<\/p>\n<p style=\"text-align: justify;\">Wir wollen daf\u00fcr sorgen, dass<\/p>\n<ul style=\"text-align: justify;\">\n<li>zusammen mit weiteren Partnern die ehemaligen GeWo-Fl\u00e4chen entwickelt werden.<\/li>\n<li>die st\u00e4dtischen Fl\u00e4chen themenbezogen z.B. f\u00fcr Generationenwohnen entwickeln werden.<\/li>\n<li>die Einrichtung einer Stadtentwicklungsgesellschaft gepr\u00fcft wird.<\/li>\n<li>die st\u00e4dtischen Trauerhallen saniert werden und in st\u00e4dtischer Hand bleiben.<\/li>\n<\/ul>\n<p class=\"ListParagraph\" style=\"text-align: justify;\">\u00a0<\/p>\n<p class=\"ListParagraph\" style=\"text-align: justify;\">\u00a0<\/p>\n<h1 style=\"text-align: justify;\"><strong><a name=\"Kultur\"><\/a>Kultur ist Kernbestand<\/strong><\/h1>\n<p style=\"text-align: justify;\">Auch in Zeiten knapper Kassen ist die  Kultur nicht zus\u00e4tzlicher Spa\u00df, sondern Kernbestand einer st\u00e4dtischen  Politik. Die SPD wird sich um die kulturellen Fragen mit dem speziellen  Angebot des \u201eKulturforums der Sozialdemokratie&#8220; k\u00fcmmern.<\/p>\n<p style=\"text-align: justify;\">In den letzten Jahren ist eine  reichhaltige Kulturlandschaft mit Ateliers, Galerien,  Veranstaltungslokalit\u00e4ten und kreativen Gruppen entstanden. Wir werden  uns weiter daf\u00fcr einsetzen, dass diese wertgesch\u00e4tzt und von der Stadt  umfassend ber\u00fccksichtigt werden. Dazu geh\u00f6rt auch die Bereitstellung von  R\u00e4umlichkeiten.<\/p>\n<p style=\"text-align: justify;\">Das WLT geh\u00f6rt zu Castrop-Rauxel und  genie\u00dft unsere volle Unterst\u00fctzung. Wir unterst\u00fctzen alle Bestrebungen  in Richtung eines \u201eTheaters in der Stadt&#8220;, z.B. durch Auff\u00fchrungen auf  dem Altstadtmarkt oder in der AGORA.<\/p>\n<p style=\"text-align: justify;\">\u00a0<\/p>\n<p style=\"text-align: justify;\">Wir wollen daf\u00fcr sorgen, dass<\/p>\n<ul style=\"text-align: justify;\">\n<li>die Forum GmbH erhalten bleibt.<\/li>\n<li>die stadtgeschichtliche Sammlung aufgearbeitet und an einem angemessenen Ort pr\u00e4sentiert wird.<\/li>\n<li>der Kunst- und Gestaltungsbeirat immer den Aspekt der Kunst ber\u00fccksichtigt.<\/li>\n<\/ul>\n<p class=\"ListParagraph\" style=\"text-align: justify;\">\u00a0<\/p>\n<p class=\"ListParagraph\" style=\"text-align: justify;\">\u00a0<\/p>\n<h1 style=\"text-align: justify;\"><strong><a name=\"Umwelt\"><\/a>Umwelt-, Klima- und Verbraucherschutz<\/strong><\/h1>\n<p style=\"text-align: justify;\">Eine nachhaltige Umwelt- und  Verbraucherschutzpolitik muss eine besondere Verpflichtung f\u00fcr  Castrop-Rauxel als Europastadt im Gr\u00fcnen sein. Wir wollen Modellstadt  f\u00fcr eine zukunftsf\u00e4hige, lokale Klimaschutzpolitik sein.<\/p>\n<p style=\"text-align: justify;\">\u00a0<\/p>\n<p style=\"text-align: justify;\">Wir wollen daf\u00fcr sorgen, dass<\/p>\n<ul style=\"text-align: justify;\">\n<li>die Verbraucherzentrale dauerhaft gesichert wird.<\/li>\n<li>wir auch weiterhin eine Freifl\u00e4chenschonung durch eine priorit\u00e4re Innenraumbebauung gew\u00e4hrleisten.<\/li>\n<li>eine \u201eklimaneutrale&#8220; Modellschule im Stadtgebiet ausgebaut wird.  D.h. diese Schule darf in der Bilanz kein Kohlendioxid mehr verursachen.<\/li>\n<li>ein Programm \u201eMehr Gr\u00fcn in den Stra\u00dfen&#8220; auf den Weg gebracht wird. Stra\u00dfengr\u00fcn bindet Staub und verbessert das Kleinklima.<\/li>\n<li>weiterhin auf allen \u00f6ffentlichen Geb\u00e4uden Solaranlagen installiert werden.<\/li>\n<li>kostenlose Parkpl\u00e4tze f\u00fcr umweltfreundliche Fahrzeuge eingerichtet werden.<\/li>\n<\/ul>\n<p style=\"text-align: justify;\">\u00a0<\/p>\n<p style=\"text-align: justify;\">Wir wollen, dass sich unsere Stadt  weiter zur Modellstadt f\u00fcr innovative Energiepolitik entwickelt. Dazu  z\u00e4hlt f\u00fcr uns, unsere \u00f6kologische Verantwortung f\u00fcr die Menschen in  unserer Stadt zu \u00fcbernehmen, die ein Recht auf reine Luft und ein gutes  Stadtklima haben. Gleichzeitig wollen wir die Energiewende vor Ort  vorantreiben.<\/p>\n<p style=\"text-align: justify;\">\u00a0<\/p>\n<p style=\"text-align: justify;\">\u00a0<\/p>\n<h1 style=\"text-align: justify;\"><strong><a name=\"Nachhaltig\"><\/a>Nachhaltig Bauen und Wohnen<\/strong><\/h1>\n<p style=\"text-align: justify;\">Nachhaltiges und qualit\u00e4tsvolles Bauen  und Wohnen bleibt das Ziel unserer Stadtentwicklungspolitik. Dabei  wollen wir Freir\u00e4ume schonen und \u00fcber Bauleitplanungen Vorgaben f\u00fcr die  Stadtentwicklung machen.<\/p>\n<p style=\"text-align: justify;\">Der Emscherumbau ist als  Jahrhundertereignis das Umbauprojekt mit einem enormen Finanzvolumen  schlechthin. Wir werden die Stadtentwicklung darauf ausrichten.<\/p>\n<p style=\"text-align: justify;\">Wir wollen, dass bei jedem Neusiedlungsprojekt Spielpl\u00e4tze mit ber\u00fccksichtigt werden.<\/p>\n<p style=\"text-align: justify;\">\u00a0<\/p>\n<ul style=\"text-align: justify;\">\n<li>Der Kunst- und Gestaltungsbeirat soll eine starke Beratungs- und Ideengebungsfunktion haben.<\/li>\n<li>Das Intergenerationenwohnen soll bei allen Bauprojekten einen gro\u00dfen Stellenwert haben.<\/li>\n<li>Freir\u00e4ume werden wir schonen. Bei Konflikten bei Innenraumbebauungen  &#8211; insbesondere bei Umlegungsverfahren &#8211; werden wir eine fr\u00fchzeitige und  umfassende B\u00fcrgerbeteiligung sicherstellen.<\/li>\n<li>Wir treten f\u00fcr Gestaltungssatzungen ein und wollen eine umfassende st\u00e4dtische Begleitung bei Privatisierungen.<\/li>\n<li>Bei der Stadtplanung soll das Schaffen von Gr\u00fcnen Inseln und die Begr\u00fcnung des Stra\u00dfenraumes eine besondere Rolle spielen.<\/li>\n<li>Wir wollen pr\u00fcfen, ob wir kleinere, daf\u00fcr aber mehr Laubk\u00f6rbe in Castrop-Rauxel aufstellen k\u00f6nnen.<\/li>\n<\/ul>\n<p class=\"ListParagraph\" style=\"text-align: justify;\">\u00a0<\/p>\n<p class=\"ListParagraph\" style=\"text-align: justify;\">\u00a0<\/p>\n<h1 style=\"text-align: justify;\"><strong><a name=\"Ortsteilbezogene\"><\/a>Ortsteilbezogene Ziele<\/strong><\/h1>\n<p style=\"text-align: justify;\">Wir wollen daf\u00fcr sorgen, dass<\/p>\n<ul style=\"text-align: justify;\">\n<li>das B\u00fcrgersteigsanierungsprogramm ausgeweitet wird.<\/li>\n<li>eine intensivere Reinigung der Stra\u00dfen und Gehwege erfolgt und f\u00fcr die B\u00fcrger die n\u00e4chsten Reinigungspunkte einsehbar sind.<\/li>\n<li>eine breit angelegte Kampagne gegen Hundekot im Stadtbild erfolgt.<\/li>\n<li>mehr Radwege im Stadtgebiet gebaut werden.<\/li>\n<\/ul>\n<p class=\"ListParagraph\" style=\"text-align: justify;\">\u00a0<\/p>\n<h2 style=\"text-align: justify;\"><strong><a name=\"Ickern\"><\/a>Ickern<\/strong><\/h2>\n<p style=\"text-align: justify;\">Wir treten ein f\u00fcr<\/p>\n<ul style=\"text-align: justify;\">\n<li>ein B\u00fcrgersteigsanierungsprogramm in Ickern. Gehwege und Stra\u00dfen  m\u00fcssen saniert werden. (u.a. Lakestra\u00dfe, Ickerner Stra\u00dfe, Stettiner  Stra\u00dfe, in der Wanne, Borghagener Stra\u00dfe).<\/li>\n<li>eine Erneuerung der Skaterbahn am Trafo.<\/li>\n<li>eine St\u00e4rkung des Anruf-Sammeltaxis zwischen Ickern und Waltrop.<\/li>\n<li>mehr Radwege in Ickern. U.a. an der Recklinghauser Stra\u00dfe.<\/li>\n<li>eine Versch\u00f6nerung des Kreisverkehrs an der Recklinghauserstra\u00dfe.<\/li>\n<li>einen zus\u00e4tzlichen Kreisverkehr an der Kreuzung Ickerner Stra\u00dfe \/ In der Wanne .<\/li>\n<li>zus\u00e4tzliche Taxist\u00e4nde auf dem Ickerner Markt.<\/li>\n<li>eine Verbesserung der Parkplatzsituation am Freibad.<\/li>\n<li>eine \u00dcberpr\u00fcfung der Parkregelung an der Ickerner Stra\u00dfe w\u00e4hrend des Wochenmarktes.<\/li>\n<li>die Sanierung der Br\u00fccke an der Horststra\u00dfe.<\/li>\n<li>eine \u00dcberpr\u00fcfung und den Erhalt des Altbaumbestandes auf dem Friedhof.<\/li>\n<li>eine Pr\u00fcfung eines Br\u00f6tchentickets in Ickern.<\/li>\n<li>eine Verbesserung des Volksparks durch mehr B\u00e4nke.<\/li>\n<li>mehr Kulturelle Angebote auf dem Markt.<\/li>\n<li>die Gr\u00fcndung eines B\u00fcndnisses f\u00fcr Ickern.<\/li>\n<li>Barrierefreiheit in Ickern.<\/li>\n<li>eine Begleitung des Emscherumbaus. Wir wollen \u201edie Emscher nach Ickern holen\u201c.<\/li>\n<li>eine bessere Anbindung durch die Buslinie 347.<\/li>\n<li>Sitzgelegenheiten auf der Ickerner Stra\u00dfe.<\/li>\n<\/ul>\n<p class=\"ListParagraph\" style=\"text-align: justify;\">\u00a0<\/p>\n<h2 style=\"text-align: justify;\"><strong><a name=\"Habinghorst\"><\/a>Habinghorst<\/strong><\/h2>\n<p style=\"text-align: justify;\">Wir treten ein f\u00fcr<\/p>\n<ul style=\"text-align: justify;\">\n<li>eine dauerhafte L\u00f6sung f\u00fcr die alte Dehner-Immobilie.<\/li>\n<li>mehr B\u00e4nke und Sitzgelegenheiten in Habinghorst.<\/li>\n<li>ein Mehr an Parkm\u00f6glichkeiten am Seniorenheim Kampstra\u00dfe.<\/li>\n<li>ein soziales Miteinander der Skaterbahnbenutzer und der Anwohner.<\/li>\n<li>eine Versch\u00f6nerung der Lange Stra\u00dfe.<\/li>\n<li>mehr Radar- und Geschwindigkeitskontrollen im Stadtteil.<\/li>\n<li>eine \u00dcberpr\u00fcfung einer Umleitung einer Buslinie nach Becklem \u00fcber die Wartburgstra\u00dfe.<\/li>\n<li>einen Radweg auf der Wartburgstra\u00dfe.<\/li>\n<li>eine Versch\u00f6nerung des Spielplatzes \u201eAm Busch\u201c.<\/li>\n<li>einen Radweg auf der Kl\u00f6cknerstra\u00dfe.<\/li>\n<li>einen Ausbau der Bushaltestellen auf der Habinghorster Stra\u00dfe f\u00fcr mobilit\u00e4tseingeschr\u00e4nkte Menschen.<\/li>\n<li>einen \u00dcberweg von der Augustastra\u00dfe \u00fcber die Kl\u00f6ckner Stra\u00dfe f\u00fcr Radfahrer und Fu\u00dfg\u00e4nger.<\/li>\n<\/ul>\n<p class=\"ListParagraph\" style=\"text-align: justify;\">\u00a0<\/p>\n<h2 style=\"text-align: justify;\"><strong><a name=\"Henrichenburg\"><\/a>Henrichenburg<\/strong><\/h2>\n<p class=\"Textbody\" style=\"text-align: justify;\">Wir treten ein f\u00fcr<\/p>\n<ul style=\"text-align: justify;\">\n<li>eine \u00dcberpr\u00fcfung der Einrichtung von Zebrastreifen und Fu\u00dfg\u00e4ngerquerungen im Ortsteil.<\/li>\n<li>mehr Aktionen im Rahmen des Casterix-Ferienprogramms in Henrichenburg.<\/li>\n<li>die Sicherung der Lambertbr\u00fccke f\u00fcr Fu\u00df- und Radfahrer.<\/li>\n<li>mehr Informationen \u00fcber den Taxibus am Wochenende.<\/li>\n<li>die \u00dcberpr\u00fcfung des vorhandenen Fu\u00dfweges zwischen Shell und Bushaltestelle.<\/li>\n<li>die Errichtung von Park &amp; Ride Parkpl\u00e4tze an der Autobahn.<\/li>\n<li>eine Verbesserung der Parkplatzsituation in der Siedlung Pothof.<\/li>\n<li>die Pflege der Sickermulden in der Siedlung Pothof.<\/li>\n<li>die Sanierung\/Erneuerung des Sportplatzes in Henrichenburg.<\/li>\n<li>die \u00dcberpr\u00fcfung der Verkehrssituation an der Hagenstra\u00dfe.<\/li>\n<li>eine Errichtung einer Behelfsbr\u00fccke auf der Lambertstra\u00dfe f\u00fcr Fu\u00dfg\u00e4nger und Radfahrer w\u00e4hrend der Erweiterung des Kanals.<\/li>\n<li>die Schaffung von weiterem seniorengerechten und barrierefreien Wohnraum in Becklem und Henrichenburg, z.B. betreutes Wohnen.<\/li>\n<li>den Erhalt von Stra\u00dfenbeleuchtungen auf der Lambertstra\u00dfe.<\/li>\n<li>Ma\u00dfnahmen zur L\u00e4rmminderung an der Hamm-Osterfelder-Bahnstrecke auf der Becklemer Stra\u00dfe.<\/li>\n<li>einen L\u00fcckenschluss des Radweges auf der Wartburgstra\u00dfe.<\/li>\n<li>die Attraktivierung und Weiterentwicklung der Wartburginsel zu einem Naherholungsgebiet.<\/li>\n<li>weitere Verbesserungen der Ampelschaltung f\u00fcr Fahrzeuge und Fu\u00dfg\u00e4nger auf der B235.<\/li>\n<li>den Erhalt der Gr\u00fcnfl\u00e4che auf dem Gemeindeplatz.<\/li>\n<\/ul>\n<h2 style=\"text-align: justify;\"><\/h2>\n<h2 style=\"text-align: justify;\"><strong>Deininghausen<\/strong><\/h2>\n<p class=\"Textbody\" style=\"text-align: justify;\">Wir treten ein f\u00fcr<\/p>\n<ul style=\"text-align: justify;\">\n<li>einen Ausbau der \u00d6stricher Stra\u00dfe.<\/li>\n<li>den Erhalt und das Instandsetzen des Rad- und Fu\u00dfweges entlang der Oststra\u00dfe.<\/li>\n<li>den Erhalt der Beleuchtung am Rad und Fu\u00dfweges entlang der Oststra\u00dfe.<\/li>\n<li>eine Unterst\u00fctzung des Ortsteiles auch nach dem Projekt \u201eSoziale Stadt\u201c<\/li>\n<\/ul>\n<p class=\"Textbody\" style=\"text-align: justify;\">\u00a0<\/p>\n<h2 style=\"text-align: justify;\"><strong><a name=\"Dingen\"><\/a>Dingen<\/strong><\/h2>\n<p class=\"Textbody\" style=\"text-align: justify;\">Wir treten ein f\u00fcr<\/p>\n<ul style=\"text-align: justify;\">\n<li>die Einrichtung eines Taxibusses von Dingen nach Dortmund und von Dingen nach Schwerin.<\/li>\n<li>die Deckenerneuerung der Verbindungsstra\u00dfen nach Dingen.<\/li>\n<li>die Unterst\u00fctzung aller Initiativen f\u00fcr ein Lebensmittelgesch\u00e4ft im Ortsteil.<\/li>\n<li>Geschwindigkeitskontrollen auf der Talstra\u00dfe.<\/li>\n<li>die Aufwertung des Dorfmittelpunktes in Dingen, sowie die Verlegung des Containerstandortes an einen dezentraleren Standort.<\/li>\n<li>die Begleitung der Sanierung und eventuell anschlie\u00dfender Vermarktung der letzten Zechenbrache im Ortsteil Dingen.<\/li>\n<\/ul>\n<p class=\"ListParagraph\" style=\"text-align: justify;\">\u00a0<\/p>\n<h2 style=\"text-align: justify;\"><strong><a name=\"Schwerin\"><\/a>Schwerin<\/strong><\/h2>\n<p style=\"text-align: justify;\">Wir treten ein f\u00fcr<\/p>\n<ul style=\"text-align: justify;\">\n<li>eine Versch\u00f6nerung der Spielpl\u00e4tze.<\/li>\n<li>eine Ausweisung des Hellwegs als Anliegerstra\u00dfe.<\/li>\n<li>einen Ausbau des Trampelpfads von der Bodelschwingher Stra\u00dfe nach Deinighausen als Fu\u00df- und Radweg.<\/li>\n<li>eine \u00dcberpr\u00fcfung eine \u00dcberpr\u00fcfung, ob der Marktplatz als geb\u00fchrenfreier Parkplatz umgebaut werden soll.<\/li>\n<li>eine \u00dcberpr\u00fcfung der Parksituation auf der Frohlinder Stra\u00dfe.<\/li>\n<li>eine Radwegverl\u00e4ngerung auf der Dortmunder Stra\u00dfe bis zur Kreuzung Mengeder Stra\u00dfe \/ Hellweg.<\/li>\n<li>einen Radwegeausbau nach Bodelschwingh.<\/li>\n<li>ein neues Ortseingangsschild von Bodelschwingh kommend.<\/li>\n<li>die Vermarktung der Gewerbefl\u00e4chen auf dem ehemaligen Zechengel\u00e4nde um das Edeka-Geb\u00e4ude.<\/li>\n<li>die Begleitung des Bauprojektes \u201eAm Hasenwinkel\u201c.<\/li>\n<li>den Erhalt und die Aufwertung der Givebox.<\/li>\n<li>die weitere Durchf\u00fchrung der j\u00e4hrlich angebotenen Kinderfreizeit ins Sommercamp \u201eHeino\u201c.<\/li>\n<li>die Entsch\u00e4rfung des Unfallschwerpunktes an der Kreuzung  Dortmunderstra\u00dfe \/ Grimbergstra\u00dfe \/ Cottenburgstra\u00dfe  (Schulwegsicherung).<\/li>\n<li>die intensive Begleitung der Initiative \u201eWir auf Schwerin\u201c zur St\u00e4rkung des sozialen Zusammenhalts im Ortsteil.<\/li>\n<li>die \u00dcberpr\u00fcfung des Bedarfs an sozialer Infrastruktur im Ortsteil.<\/li>\n<li>die St\u00e4rkung des Jugendzentrum Caf\u00e9 Frosch und bedarfsgerechte Weiterentwicklung der aufsuchenden Jugendarbeit.<\/li>\n<li>die Unterst\u00fctzung eines Modellprojektes f\u00fcr ein familienfreundliches Wohnquartier auf Schwerin.<\/li>\n<li>die Fortf\u00fchrung und bedarfsgerechte Weiterentwicklung der \u201eRucksackgruppen\u201c.<\/li>\n<\/ul>\n<h2 style=\"text-align: justify;\"><\/h2>\n<h2 class=\"Textbody\" style=\"text-align: justify;\"><strong><a name=\"Rauxel\"><\/a>Rauxel<\/strong><\/h2>\n<p class=\"Textbody\" style=\"text-align: justify;\">Wir treten ein f\u00fcr<\/p>\n<ul style=\"text-align: justify;\">\n<li>eine Radwegerschlie\u00dfung der Victorstra\u00dfe \/ Westring.<\/li>\n<li>die Sanierung der Victorstra\u00dfe.<\/li>\n<li>eine Ausschilderung des Fu\u00dfweges von Bahnhofstra\u00dfe zum Kunoplatz.<\/li>\n<li>ein Spielangebot f\u00fcr Kinder \u00dc-6 Jahren.<\/li>\n<li>eine \u00dcberpr\u00fcfung der Parksituation auf Victorstra\u00dfe.<\/li>\n<li>einen regelm\u00e4\u00dfigen Schnitt des Wildwuchses am Bahndamm.<\/li>\n<li>Die Einrichtung eines Zebrastreifens f\u00fcr die Schulkinder in der Liebigstra\u00dfe Rauxel.<\/li>\n<li>einen Ausbau der B235, damit weniger LKW durch die Bahnhofstra\u00dfe fahren m\u00fcssen (Br\u00fcckenh\u00f6he B235).<\/li>\n<li>mehr Geschwindigkeitskontrollen auf der Bahnhofstra\u00dfe zwischen HBF und Kreisverkehr.<\/li>\n<li>eine Erneuerung der Clemensstra\u00dfe.<\/li>\n<li>Informationstafeln \u00fcber \u00d6PNV Abfahrtzeiten am Berliner Platz.<\/li>\n<li>\u00d6ffentliche Toiletten am Berliner Platz.<\/li>\n<li>den Umbau Victorstra\u00dfe.<\/li>\n<li>eine \u00dcberpr\u00fcfung der Verkehrssituation des ruhenden \/ flie\u00dfenden Verkehrs auf der Liebigstra\u00dfe.<\/li>\n<li>eine Weiterentwicklung des Park &amp; Ride \u2013 Platz am Hauptbahnhof.<\/li>\n<li>die Fertigstellung der Schallschutzw\u00e4nde entlang der K\u00f6ln Mindener Eisenbahn.<\/li>\n<li>die Verl\u00e4ngerung des Radweges am Westring bis zur Autobahn.<\/li>\n<li>eine B\u00fcrgerversammlung zur Verkehrssituation an der Alleestra\u00dfe<\/li>\n<\/ul>\n<p style=\"text-align: justify;\">\u00a0<\/p>\n<h2 style=\"text-align: justify;\"><strong><a name=\"Stadtmittelpunkt\"><\/a>Stadtmittelpunkt \/ Dorf Rauxel<\/strong><\/h2>\n<p class=\"Textbody\" style=\"text-align: justify;\">Wir treten ein f\u00fcr<\/p>\n<ul style=\"text-align: justify;\">\n<li>eine Radwegerschlie\u00dfung auf der B235 in Richtung Habinghorst.<\/li>\n<li>eine Gehwegeerneuerung auf der Hochstra\u00dfe.<\/li>\n<li>die Sanierung des Verkehrskindergartens.<\/li>\n<li>einen Supermarkt an der Pallasstra\u00dfe.<\/li>\n<li>eine Sanierung der Gehwege im Ortsteil.<\/li>\n<li>eine Beschilderung der Einbahnstra\u00dfenregelung an der Lunastra\u00dfe.<\/li>\n<li>regelm\u00e4\u00dfige \u00dcberpr\u00fcfungen der Verkehrssituation an der Schule.<\/li>\n<\/ul>\n<h2 style=\"text-align: justify;\"><\/h2>\n<h2 style=\"text-align: justify;\"><\/h2>\n<h2 style=\"text-align: justify;\"><strong>Altstadt<\/strong><\/h2>\n<p class=\"Textbody\" style=\"text-align: justify;\">Wir treten ein f\u00fcr<\/p>\n<ul style=\"text-align: justify;\">\n<li>eine bessere Beleuchtung der Unterf\u00fchrung Engelsburgplatz.<\/li>\n<li>einheitliche \u00d6ffnungszeiten in der Altstadt.<\/li>\n<li>mehr Au\u00dfengastronomie in der Innenstadt.<\/li>\n<li>die Sanierung des Marktplatzes.<\/li>\n<li>die Sanierung des Bahnhofs S\u00fcd.<\/li>\n<li>ein Caf\u00e9 auf dem Marktplatz.<\/li>\n<li>einen Kreisverkehr an der L\u00f6nsstra\u00dfe.<\/li>\n<li>eine Neunutzung des Bunkers (Abriss\/Kulturbunker\/Nachnutzung).<\/li>\n<li>den z\u00fcgigen Wideraufbau der Br\u00fccke am Br\u00fcckenweg.<\/li>\n<\/ul>\n<p class=\"ListParagraph\" style=\"text-align: justify;\">\u00a0<\/p>\n<h2 style=\"text-align: justify;\"><strong><a name=\"Obercastrop\"><\/a>Obercastrop<\/strong><\/h2>\n<p class=\"Textbody\" style=\"text-align: justify;\">Wir treten ein f\u00fcr<\/p>\n<ul style=\"text-align: justify;\">\n<li>eine bessere Anbindung durch die Buslinie 347.<\/li>\n<li>eine Verbesserung des Fu\u00dfg\u00e4nger\u00fcberwegs an der Elisabethschule.<\/li>\n<li>eine Versch\u00f6nerung des Spielplatzes an der Kreuzsta\u00dfe.<\/li>\n<li>eine Entsch\u00e4rfung der Verkehrssituation in der Kurve Cottenburg Stra\u00dfe.<\/li>\n<li>eine \u00dcberpr\u00fcfung der Ampelschaltung auf der Bochumer Stra\u00dfe.<\/li>\n<li>h\u00e4ufigere Verkehrskontrollen in den Siedlungen.<\/li>\n<li>eine Entsch\u00e4rfung des Verkehrsaufkommens im Bereich der Franz- und Marienstra\u00dfe.<\/li>\n<li>den Umbau des Kreuzungsbereichs Cottenburg und Westhofenstra\u00dfe.<\/li>\n<li>das Aufstellen von Sammelk\u00f6rben f\u00fcr Flaschen im Stadtgarten.<\/li>\n<li>die Sanierung der Fahrbahn im unteren Bereich (in H\u00f6he der Elisabehtschule) der Christinenstra\u00dfe.<\/li>\n<li>den Erhalt der Schillerwiese mit Lindenallee als Einfallstor f\u00fcr die Besucher des Stadtgartens.<\/li>\n<li>eine Intensivierung der Ortsteilpflege.<\/li>\n<li>den Erhalt des Spielplatzes an der Marienstra\u00dfe \/ Franzstra\u00dfe.<\/li>\n<li>die langfristige Einsetzung eines Stadtteilmanagers.<\/li>\n<\/ul>\n<p style=\"text-align: justify;\">\u00a0<\/p>\n<h2 style=\"text-align: justify;\"><strong><a name=\"Frohlinde\"><\/a>Frohlinde<\/strong><\/h2>\n<p class=\"Textbody\" style=\"text-align: justify;\">Wir treten ein f\u00fcr<\/p>\n<ul style=\"text-align: justify;\">\n<li>eine Taxibusverbindung von Frohlinde \/ Schwerin direkt nach Merklinde \/ B\u00f6vinghausen.<\/li>\n<li>einen Abriss der Br\u00fccke an der Dortmunder Stra\u00dfe.<\/li>\n<li>die Unterst\u00fctzung aller Initiativen f\u00fcr ein Lebensmittelgesch\u00e4ft im Ortsteil.<\/li>\n<li>die Versch\u00f6nerung der Gr\u00fcnanlagen am M\u00fchlenteich.<\/li>\n<li>h\u00e4ufigere Verkehrskontrollen in den Siedlungen.<\/li>\n<li>einen Fahrradweg entlang der Dortmunder Stra\u00dfe.<\/li>\n<li>einen Kreisverkehr an der Kreuzung Dortmunder Stra\u00dfe \/ Wakefieldstra\u00dfe.<\/li>\n<li>die Erneuerung der Westricher Stra\u00dfe.<\/li>\n<li>die Erneuerung der Fahrbahndecke Dortmunder Stra\u00dfe.<\/li>\n<li>den Erhalt der \u00d6ko-Insel in seiner jetzigen Form.<\/li>\n<\/ul>\n<p class=\"ListParagraph\" style=\"text-align: justify;\">\u00a0<\/p>\n<h2 style=\"text-align: justify;\"><strong><a name=\"Merklinde\"><\/a>Merklinde<\/strong><\/h2>\n<p class=\"Textbody\" style=\"text-align: justify;\">Wir treten ein f\u00fcr<\/p>\n<ul style=\"text-align: justify;\">\n<li>eine \u00dcberpr\u00fcfung der Containerstandorte auf der Gerther Stra\u00dfe.<\/li>\n<li>einen Fu\u00df- und Radweg von Merklinde nach Gerthe.<\/li>\n<li>die Unterst\u00fctzung aller Initiativen f\u00fcr ein Lebensmittelgesch\u00e4ft im Ortsteil.<\/li>\n<li>eine bessere Anbindung durch die Buslinie 353.<\/li>\n<li>eine sozialvertr\u00e4gliche Vermietung und Verkauf der Harkortschule.<\/li>\n<li>den Erhalt der Sporthalle f\u00fcr das Gemeinwesen.<\/li>\n<li>die Verlegung der Haltestelle Gerther Stra\u00dfe \/ Lindenstra\u00dfe (Linie  353) in \u00f6stlicher Richtung, da sie durch den Kurvenauslauf eine Gefahr  f\u00fcr die wartenden Fahrg\u00e4ste darstellt.<\/li>\n<li>eine Sperrung der gesamten Bockenfelder Stra\u00dfe f\u00fcr den Schwerlastverkehr.<\/li>\n<li>Tempo 30 auf der B\u00f6vinghauser Stra\u00dfe.<\/li>\n<li>einen befestigten Fu\u00df-, und Radweg (Schwarzer Weg), zwischen  B\u00f6vinghauser Stra\u00dfe und Lothringer Stra\u00dfe \/ J\u00e4gerweg (parallel der alten  Zechenbahntrasse).<\/li>\n<li>ein Nachtfahrverbot ( 22:00 Uhr \u2013 06:00 Uhr ) f\u00fcr LKW.<\/li>\n<li>regelm\u00e4\u00dfige Geschwindigkeitskontrollen im Ortsteil.<\/li>\n<\/ul>\n<p class=\"Textbody\" style=\"text-align: justify;\">\u00a0<\/p>\n<p class=\"Textbody\" style=\"text-align: justify;\">\u00a0<\/p>\n<h1 style=\"text-align: justify;\"><strong><a name=\"Castrop-Rauxel\"><\/a>F\u00fcr ein weltoffenes und zukunftsf\u00e4higes Castrop-Rauxel<\/strong><\/h1>\n<p style=\"text-align: justify;\">Die Sozialdemokratie tritt mit einem  umfassenden Programm an, mit einer Grundlage f\u00fcr f\u00fcnf gute Jahre  gestaltender, sozialer und demokratischer Politik.<\/p>\n<p style=\"text-align: justify;\">Und wir treten an, Castrop-Rauxel  weltoffen und tolerant zu gestalten. In der Achtung und Anerkennung  jedes anderen. Wir treten rassistischen menschenfeindlichen  Organisationen, Parteien und Einzelpersonen mit aller Entschlossenheit  entgegen.<\/p>\n<p style=\"text-align: justify;\">\u00a0<\/p>\n<p style=\"text-align: justify;\">Wir haben klare sozialdemokratische  Grunds\u00e4tze, und wir wollen die Menschen einbeziehen und die Wegstrecke  der n\u00e4chsten sechs Jahre mit Ihnen gemeinsam gehen!<\/p>\n<p style=\"text-align: justify;\">Wir werben daf\u00fcr, m\u00f6glichst viel von diesem Programm umsetzen zu k\u00f6nnen.<\/p>\n<p style=\"text-align: justify;\">Wir bewerben uns nun bei der Kommunalwahl am 25. Mai um einen neuen Auftrag zu bekommen &#8211; f\u00fcr die n\u00e4chsten Jahre <strong><em>mit der SPD!<\/em><\/strong><\/p>\n<p style=\"text-align: justify;\">\u00a0<\/p>\n<p style=\"text-align: justify;\">Auch in dieser Zeit werden wir einem  enormen finanziellen Druck ausgesetzt sein. Deshalb steht das gesamte  Programm unter einem finanziellen Vorbehalt, weil wir letztlich die  Vorgaben der Kommunalaufsicht einzuhalten haben. Wir wollen aber auch  unter diesen schwierigen Bedingungen die notwendige Gestaltung der Stadt  voranbringen, Lebensqualit\u00e4t erhalten und Neues schaffen.<\/p>\n<p style=\"text-align: justify;\">\u00a0<\/p>\n<p style=\"text-align: justify;\">Das vorliegende Wahlprogramm haben wir  uns in den letzten Monaten erarbeitet. Wir sind die Stadt hoch und  runter gelaufen, haben viele neue Eindr\u00fccke und Einsichten gewonnen,  zahlreiche Gespr\u00e4che gef\u00fchrt. Und wir haben unseren Anspruch lebendig  gemacht, die Mitte der st\u00e4dtischen Gesellschaft zu repr\u00e4sentieren,  verankert zu sein und die Ansichten der Menschen zu kennen wie keine  andere Partei in Castrop-Rauxel. Das zeigt nicht zuletzt die Aufstellung  unser Kandidatinnen und Kandidaten.<\/p>\n","protected":false},"excerpt":{"rendered":"<p>Pr\u00e4ambel Castrop-Rauxel ist eine lebenswerte Stadt. Mit Ecken und Kanten, mit Problemen, vor allem aber auch mit ganz viel Potenzial. Castrop-Rauxel soll eine friedliche Stadt sein, in der die Menschen gut leben und gut zusammen leben k\u00f6nnen. Castrop-Rauxel soll eine Stadt sein, die niemanden zur\u00fcckl\u00e4sst, die sich um alle bem\u00fcht, allen Chancen bietet und das &#8230; <a title=\"CAS-Plan 2020 &#8211; Das Kommunalwahlprogramm der SPD Castrop-Rauxel\" class=\"read-more\" href=\"http:\/\/www.spd-henrichenburg.de\/?p=46\" aria-label=\"Mehr Informationen \u00fcber CAS-Plan 2020 &#8211; Das Kommunalwahlprogramm der SPD Castrop-Rauxel\">Weiterlesen<\/a><\/p>\n","protected":false},"author":1,"featured_media":0,"comment_status":"closed","ping_status":"closed","sticky":false,"template":"","format":"standard","meta":{"footnotes":""},"categories":[4],"tags":[],"class_list":["post-46","post","type-post","status-publish","format-standard","hentry","category-inhalt"],"_links":{"self":[{"href":"http:\/\/www.spd-henrichenburg.de\/index.php?rest_route=\/wp\/v2\/posts\/46","targetHints":{"allow":["GET"]}}],"collection":[{"href":"http:\/\/www.spd-henrichenburg.de\/index.php?rest_route=\/wp\/v2\/posts"}],"about":[{"href":"http:\/\/www.spd-henrichenburg.de\/index.php?rest_route=\/wp\/v2\/types\/post"}],"author":[{"embeddable":true,"href":"http:\/\/www.spd-henrichenburg.de\/index.php?rest_route=\/wp\/v2\/users\/1"}],"replies":[{"embeddable":true,"href":"http:\/\/www.spd-henrichenburg.de\/index.php?rest_route=%2Fwp%2Fv2%2Fcomments&post=46"}],"version-history":[{"count":0,"href":"http:\/\/www.spd-henrichenburg.de\/index.php?rest_route=\/wp\/v2\/posts\/46\/revisions"}],"wp:attachment":[{"href":"http:\/\/www.spd-henrichenburg.de\/index.php?rest_route=%2Fwp%2Fv2%2Fmedia&parent=46"}],"wp:term":[{"taxonomy":"category","embeddable":true,"href":"http:\/\/www.spd-henrichenburg.de\/index.php?rest_route=%2Fwp%2Fv2%2Fcategories&post=46"},{"taxonomy":"post_tag","embeddable":true,"href":"http:\/\/www.spd-henrichenburg.de\/index.php?rest_route=%2Fwp%2Fv2%2Ftags&post=46"}],"curies":[{"name":"wp","href":"https:\/\/api.w.org\/{rel}","templated":true}]}}