{"id":40,"date":"2009-06-15T10:11:18","date_gmt":"2009-06-15T08:11:18","guid":{"rendered":"http:\/\/www.spd-henrichenburg.de\/?p=40"},"modified":"2009-06-15T10:11:18","modified_gmt":"2009-06-15T08:11:18","slug":"4-castrop-rauxeler-auf-dem-bundesparteitag-der-spd","status":"publish","type":"post","link":"http:\/\/www.spd-henrichenburg.de\/?p=40","title":{"rendered":"Vier Castrop-Rauxeler auf dem Bundesparteitag der SPD"},"content":{"rendered":"<div style=\"text-align: justify;\"><img loading=\"lazy\" decoding=\"async\" style=\"margin: 8px; float: right;\" alt=\"2009-06-14-bundesparteitag-hp\" src=\"images\/stories\/2009-06-14-bundesparteitag-hp.jpg\" width=\"300\" height=\"214\" \/>Auf dem Bundesparteitag der SPD in Berlin waren vier Castrop-Rauxeler mit dabei: Bundestagsabgeordneter Frank Schwabe, die Ratsmitglieder Heike Borek-Fercke und Rajko Kravanja sowie die Henrichenburger Ratskandidatin Britta Schewe.<\/div>\n<div style=\"text-align: justify;\"><\/div>\n<p style=\"text-align: justify;\">\u201eNeben der Rede von Frank-Walter Steinmeier stand die Verabschiedung des Wahlprogramms im Mittelpunkt&#8220;, so die Delegierten Heike Borek-Fercke und Rajko Kravanja. Zentrale Punkte sind hier die gesetzliche Einf\u00fchrung von Mindestl\u00f6hnen, neue Regeln f\u00fcr den Finanzkapitalismus und eine kostenlose Bildung vom Kindergarten bis zum Studium.<\/p>\n<div style=\"text-align: justify;\"><\/div>\n<div style=\"text-align: justify;\"><\/div>\n<p style=\"text-align: justify;\">\u201eGerade die Regulierung der M\u00e4rkte ist ein zentraler Punkt unseres Wahlprogramms. Wir sind die einzige Partei, die konsequente und durchf\u00fchrbare Antworten auf die weltweite Krise hat. Wir d\u00fcrfen nicht denjenigen, die die M\u00e4rkte dereguliert haben, wieder die Kontrolle \u00fcberlassen&#8220;, sagen Rajko Kravanja und Heike Borek-Fercke noch direkt vom Parteitag in Berlin.<\/p>\n<div style=\"text-align: justify;\"><\/div>\n<div style=\"text-align: justify;\"><\/div>\n<p style=\"text-align: justify;\">\u201eAuf dem Parteitag ist noch einmal deutlich geworden, dass die SPD der Garant daf\u00fcr ist, dass eine Energiewende mit Klimaschutz und erneuerbaren Energien weiter geht. Es bleibt beim Atomausstieg!,&#8220; so Frank Schwabe.<\/p>\n","protected":false},"excerpt":{"rendered":"<p>Auf dem Bundesparteitag der SPD in Berlin waren vier Castrop-Rauxeler mit dabei: Bundestagsabgeordneter Frank Schwabe, die Ratsmitglieder Heike Borek-Fercke und Rajko Kravanja sowie die Henrichenburger Ratskandidatin Britta Schewe. \u201eNeben der Rede von Frank-Walter Steinmeier stand die Verabschiedung des Wahlprogramms im Mittelpunkt&#8220;, so die Delegierten Heike Borek-Fercke und Rajko Kravanja. Zentrale Punkte sind hier die gesetzliche &#8230; <a title=\"Vier Castrop-Rauxeler auf dem Bundesparteitag der SPD\" class=\"read-more\" href=\"http:\/\/www.spd-henrichenburg.de\/?p=40\" aria-label=\"Mehr Informationen \u00fcber Vier Castrop-Rauxeler auf dem Bundesparteitag der SPD\">Weiterlesen<\/a><\/p>\n","protected":false},"author":1,"featured_media":0,"comment_status":"closed","ping_status":"closed","sticky":false,"template":"","format":"standard","meta":{"footnotes":""},"categories":[5],"tags":[],"class_list":["post-40","post","type-post","status-publish","format-standard","hentry","category-pressemitteilungen"],"_links":{"self":[{"href":"http:\/\/www.spd-henrichenburg.de\/index.php?rest_route=\/wp\/v2\/posts\/40","targetHints":{"allow":["GET"]}}],"collection":[{"href":"http:\/\/www.spd-henrichenburg.de\/index.php?rest_route=\/wp\/v2\/posts"}],"about":[{"href":"http:\/\/www.spd-henrichenburg.de\/index.php?rest_route=\/wp\/v2\/types\/post"}],"author":[{"embeddable":true,"href":"http:\/\/www.spd-henrichenburg.de\/index.php?rest_route=\/wp\/v2\/users\/1"}],"replies":[{"embeddable":true,"href":"http:\/\/www.spd-henrichenburg.de\/index.php?rest_route=%2Fwp%2Fv2%2Fcomments&post=40"}],"version-history":[{"count":0,"href":"http:\/\/www.spd-henrichenburg.de\/index.php?rest_route=\/wp\/v2\/posts\/40\/revisions"}],"wp:attachment":[{"href":"http:\/\/www.spd-henrichenburg.de\/index.php?rest_route=%2Fwp%2Fv2%2Fmedia&parent=40"}],"wp:term":[{"taxonomy":"category","embeddable":true,"href":"http:\/\/www.spd-henrichenburg.de\/index.php?rest_route=%2Fwp%2Fv2%2Fcategories&post=40"},{"taxonomy":"post_tag","embeddable":true,"href":"http:\/\/www.spd-henrichenburg.de\/index.php?rest_route=%2Fwp%2Fv2%2Ftags&post=40"}],"curies":[{"name":"wp","href":"https:\/\/api.w.org\/{rel}","templated":true}]}}