{"id":35,"date":"2009-04-28T06:51:32","date_gmt":"2009-04-28T04:51:32","guid":{"rendered":"http:\/\/www.spd-henrichenburg.de\/?p=35"},"modified":"2009-04-28T06:51:32","modified_gmt":"2009-04-28T04:51:32","slug":"wohngebiet-noerdlich-der-hagenstrasse-soll-kinderfreundlicher-und-sicherer-werden","status":"publish","type":"post","link":"http:\/\/www.spd-henrichenburg.de\/?p=35","title":{"rendered":"Wohngebiet n\u00f6rdlich der Hagenstra\u00dfe soll kinderfreundlicher und sicherer werden"},"content":{"rendered":"<div style=\"text-align: justify;\"><img loading=\"lazy\" decoding=\"async\" style=\"margin: 8px; float: left;\" alt=\"runder-tisch-24.4.-5-hp\" src=\"images\/stories\/runder-tisch-24.4.-5-hp.jpg\" width=\"300\" height=\"225\" \/>Viele Anwohner folgten der Einladung der Henrichenburger SPD zum Runden Tisch im Wohngebiet n\u00f6rdlich der Hagenstra\u00dfe. Der Technische Beigeordnete Heiko Dobrindt informierte die Anwohner \u00fcber den aktuellen Stand bez\u00fcglich des Spielplatzes und dem Stra\u00dfenbau. \u201eIn den letzten Monaten gab es mit dem Bau der Stra\u00dfe Im Brendick und der Installation der Stra\u00dfenbeleuchtung viele Fortschritte in dem Wohngebiet&#8220;, so der Fraktionsvorsitzende Burkhard Kapteinat. Dennoch gab es zahlreiche Anregungen und Fragen der Anwohner bei dem Runden Tisch, unter anderem nach der Aufstellung der Stra\u00dfenschilder mit dem Hinweis auf einen verkehrsberuhigten Bereich. \u201eWir werden uns daf\u00fcr einsetzen, dass die Schilder Im Brendick so schnell wie m\u00f6glich aufgestellt werden, um die Stra\u00dfe insbesondere f\u00fcr die vielen Kinder vor Ort sicherer zu machen&#8220;, so die Ortsvereinsvorsitzende und Ratskandidatin Britta Schewe. Das Wohngebiet soll zudem durch den von der SPD initiierten Spielplatz kinderfreundlicher werden. Daf\u00fcr werden die Anwohner an der Planung beteiligt und k\u00f6nnen ihre Anregungen am 12. Mai ab 16:30 Uhr am zuk\u00fcnftigen Spielplatz mit den Spielraumforschern des Kinder- und Jugendparlamentes einbringen. Bei den Spielraumforschern handelt es sich um Kinder aus dem gesamten Stadtgebiet, die gemeinsam mit Experten Spielpl\u00e4tze gestalten.<\/div>\n<div style=\"text-align: justify;\"><\/div>\n<p style=\"text-align: justify;\">Bei dem Runden Tisch wurde au\u00dferdem angeregt, den Fu\u00dfweg zwischen den Stra\u00dfen Pothhof und Im Brendick f\u00fcr Motorradfahrer zu blockieren. Erfreut waren die Anwohner dar\u00fcber, dass in den n\u00e4chsten Monaten sechs \u00f6ffentliche Stellpl\u00e4tze Im Brendick errichtet werden. \u201eDadurch kann die h\u00e4ufig beklagte Parkplatzproblematik zumindest teilweise entsch\u00e4rft werden&#8220;, so Schewe weiter.<\/p>\n<div style=\"text-align: justify;\"><\/div>\n<table border=\"0\">\n<tbody style=\"text-align: left;\">\n<tr style=\"text-align: justify;\">\n<td style=\"text-align: left;\"><img loading=\"lazy\" decoding=\"async\" style=\"margin: 8px; vertical-align: middle;\" alt=\"runder-tisch-24.4.-1-hp\" src=\"images\/stories\/runder-tisch-24.4.-1-hp.jpg\" width=\"300\" height=\"225\" \/><\/td>\n<td style=\"text-align: left;\"><img loading=\"lazy\" decoding=\"async\" style=\"margin: 8px; vertical-align: middle;\" alt=\"runder-tisch-24.4.-2-hp\" src=\"images\/stories\/runder-tisch-24.4.-2-hp.jpg\" width=\"300\" height=\"225\" \/><\/td>\n<\/tr>\n<tr style=\"text-align: left;\">\n<td style=\"text-align: justify;\"><img loading=\"lazy\" decoding=\"async\" style=\"margin: 8px; vertical-align: middle;\" alt=\"runder-tisch-24.4.-3-hp\" src=\"images\/stories\/runder-tisch-24.4.-3-hp.jpg\" width=\"300\" height=\"225\" \/><\/td>\n<td style=\"text-align: justify;\"><img loading=\"lazy\" decoding=\"async\" style=\"margin: 8px; vertical-align: middle;\" alt=\"runder-tisch-24.4.-4-hp\" src=\"images\/stories\/runder-tisch-24.4.-4-hp.jpg\" width=\"300\" height=\"225\" \/><\/td>\n<\/tr>\n<\/tbody>\n<\/table>\n","protected":false},"excerpt":{"rendered":"<p>Viele Anwohner folgten der Einladung der Henrichenburger SPD zum Runden Tisch im Wohngebiet n\u00f6rdlich der Hagenstra\u00dfe. Der Technische Beigeordnete Heiko Dobrindt informierte die Anwohner \u00fcber den aktuellen Stand bez\u00fcglich des Spielplatzes und dem Stra\u00dfenbau. \u201eIn den letzten Monaten gab es mit dem Bau der Stra\u00dfe Im Brendick und der Installation der Stra\u00dfenbeleuchtung viele Fortschritte in &#8230; <a title=\"Wohngebiet n\u00f6rdlich der Hagenstra\u00dfe soll kinderfreundlicher und sicherer werden\" class=\"read-more\" href=\"http:\/\/www.spd-henrichenburg.de\/?p=35\" aria-label=\"Mehr Informationen \u00fcber Wohngebiet n\u00f6rdlich der Hagenstra\u00dfe soll kinderfreundlicher und sicherer werden\">Weiterlesen<\/a><\/p>\n","protected":false},"author":1,"featured_media":0,"comment_status":"closed","ping_status":"closed","sticky":false,"template":"","format":"standard","meta":{"footnotes":""},"categories":[5],"tags":[],"class_list":["post-35","post","type-post","status-publish","format-standard","hentry","category-pressemitteilungen"],"_links":{"self":[{"href":"http:\/\/www.spd-henrichenburg.de\/index.php?rest_route=\/wp\/v2\/posts\/35","targetHints":{"allow":["GET"]}}],"collection":[{"href":"http:\/\/www.spd-henrichenburg.de\/index.php?rest_route=\/wp\/v2\/posts"}],"about":[{"href":"http:\/\/www.spd-henrichenburg.de\/index.php?rest_route=\/wp\/v2\/types\/post"}],"author":[{"embeddable":true,"href":"http:\/\/www.spd-henrichenburg.de\/index.php?rest_route=\/wp\/v2\/users\/1"}],"replies":[{"embeddable":true,"href":"http:\/\/www.spd-henrichenburg.de\/index.php?rest_route=%2Fwp%2Fv2%2Fcomments&post=35"}],"version-history":[{"count":0,"href":"http:\/\/www.spd-henrichenburg.de\/index.php?rest_route=\/wp\/v2\/posts\/35\/revisions"}],"wp:attachment":[{"href":"http:\/\/www.spd-henrichenburg.de\/index.php?rest_route=%2Fwp%2Fv2%2Fmedia&parent=35"}],"wp:term":[{"taxonomy":"category","embeddable":true,"href":"http:\/\/www.spd-henrichenburg.de\/index.php?rest_route=%2Fwp%2Fv2%2Fcategories&post=35"},{"taxonomy":"post_tag","embeddable":true,"href":"http:\/\/www.spd-henrichenburg.de\/index.php?rest_route=%2Fwp%2Fv2%2Ftags&post=35"}],"curies":[{"name":"wp","href":"https:\/\/api.w.org\/{rel}","templated":true}]}}