{"id":34,"date":"2009-04-22T07:27:44","date_gmt":"2009-04-22T05:27:44","guid":{"rendered":"http:\/\/www.spd-henrichenburg.de\/?p=34"},"modified":"2009-04-22T07:27:44","modified_gmt":"2009-04-22T05:27:44","slug":"henrichenburger-spd-laedt-zu-rundem-tisch-im-brendick-ein","status":"publish","type":"post","link":"http:\/\/www.spd-henrichenburg.de\/?p=34","title":{"rendered":"Henrichenburger SPD l\u00e4dt zu Rundem Tisch Im Brendick ein"},"content":{"rendered":"<div style=\"text-align: justify;\">Die SPD in Henrichenburg l\u00e4dt alle interessierten B\u00fcrger am Freitag, den 24. April, ab 18 Uhr zu einem Runden Tisch im Wohngebiet n\u00f6rdlich der Hagenstra\u00dfe ein. Der Runde Tisch wird Im Brendick stattfinden und richtet sich an alle Anwohner des Wohngebiets.<\/div>\n<div style=\"text-align: justify;\"><\/div>\n<p style=\"text-align: justify;\">Damit setzt die Henrichenburger SPD ihre kontinuierliche Arbeit in Bezug auf das Wohngebiet fort. Nach einer B\u00fcrgerversammlung und einem ersten Runden Tisch haben die Sozialdemokraten die Anregungen der Anwohner aufgenommen, einen Spielplatz in dem Wohngebiet zu errichten. \u201eNun wollen wir die Anwohner \u00fcber die aktuellen Stand informieren und weitere Anregungen aufnehmen&#8220;, so die Ortsvereinsvorsitzende Britta Schewe. Weitere Themen werden unter anderem die Stra\u00dfen- und Beleuchtungssituation vor Ort sein.<\/p>\n<div style=\"text-align: justify;\"><\/div>\n<p style=\"text-align: justify;\">Bei einer kleinen Erfrischung besteht die M\u00f6glichkeit zu Gespr\u00e4chen unter anderem mit dem Fraktionsvorsitzenden Burkhard Kapteinat, der Henrichenburger Ratskandidatin Britta Schewe sowie der Kreistagskandidatin Lisa Kapteinat. Au\u00dferdem wird der Technische Beigeordnete, Heiko Dobrindt, vor Ort f\u00fcr Fragen zur Verf\u00fcgung stehen und \u00fcber den aktuellen Sachstand berichten.<\/p>\n","protected":false},"excerpt":{"rendered":"<p>Die SPD in Henrichenburg l\u00e4dt alle interessierten B\u00fcrger am Freitag, den 24. April, ab 18 Uhr zu einem Runden Tisch im Wohngebiet n\u00f6rdlich der Hagenstra\u00dfe ein. Der Runde Tisch wird Im Brendick stattfinden und richtet sich an alle Anwohner des Wohngebiets. Damit setzt die Henrichenburger SPD ihre kontinuierliche Arbeit in Bezug auf das Wohngebiet fort. &#8230; <a title=\"Henrichenburger SPD l\u00e4dt zu Rundem Tisch Im Brendick ein\" class=\"read-more\" href=\"http:\/\/www.spd-henrichenburg.de\/?p=34\" aria-label=\"Mehr Informationen \u00fcber Henrichenburger SPD l\u00e4dt zu Rundem Tisch Im Brendick ein\">Weiterlesen<\/a><\/p>\n","protected":false},"author":1,"featured_media":0,"comment_status":"closed","ping_status":"closed","sticky":false,"template":"","format":"standard","meta":{"footnotes":""},"categories":[5],"tags":[],"class_list":["post-34","post","type-post","status-publish","format-standard","hentry","category-pressemitteilungen"],"_links":{"self":[{"href":"http:\/\/www.spd-henrichenburg.de\/index.php?rest_route=\/wp\/v2\/posts\/34","targetHints":{"allow":["GET"]}}],"collection":[{"href":"http:\/\/www.spd-henrichenburg.de\/index.php?rest_route=\/wp\/v2\/posts"}],"about":[{"href":"http:\/\/www.spd-henrichenburg.de\/index.php?rest_route=\/wp\/v2\/types\/post"}],"author":[{"embeddable":true,"href":"http:\/\/www.spd-henrichenburg.de\/index.php?rest_route=\/wp\/v2\/users\/1"}],"replies":[{"embeddable":true,"href":"http:\/\/www.spd-henrichenburg.de\/index.php?rest_route=%2Fwp%2Fv2%2Fcomments&post=34"}],"version-history":[{"count":0,"href":"http:\/\/www.spd-henrichenburg.de\/index.php?rest_route=\/wp\/v2\/posts\/34\/revisions"}],"wp:attachment":[{"href":"http:\/\/www.spd-henrichenburg.de\/index.php?rest_route=%2Fwp%2Fv2%2Fmedia&parent=34"}],"wp:term":[{"taxonomy":"category","embeddable":true,"href":"http:\/\/www.spd-henrichenburg.de\/index.php?rest_route=%2Fwp%2Fv2%2Fcategories&post=34"},{"taxonomy":"post_tag","embeddable":true,"href":"http:\/\/www.spd-henrichenburg.de\/index.php?rest_route=%2Fwp%2Fv2%2Ftags&post=34"}],"curies":[{"name":"wp","href":"https:\/\/api.w.org\/{rel}","templated":true}]}}