{"id":28,"date":"2009-02-15T20:28:29","date_gmt":"2009-02-15T19:28:29","guid":{"rendered":"http:\/\/www.spd-henrichenburg.de\/?p=28"},"modified":"2009-02-15T20:28:29","modified_gmt":"2009-02-15T19:28:29","slug":"spd-henrichenburg-spricht-sich-klar-fuer-den-erhalt-von-gruenflaechen-im-ortsteil-aus","status":"publish","type":"post","link":"http:\/\/www.spd-henrichenburg.de\/?p=28","title":{"rendered":"SPD Henrichenburg spricht sich klar f\u00fcr den Erhalt von Gr\u00fcnfl\u00e4chen im Ortsteil aus"},"content":{"rendered":"<div style=\"text-align: justify;\">\u00dcber den Leserbrief der Henrichenburger CDU ist die SPD verwundert.<\/div>\n<div style=\"text-align: justify;\">\u201eDie Zustimmung zum Gesamtkonzept der Wohnbaufl\u00e4chenentwicklung hei\u00dft nicht, dass alle Fl\u00e4chen in dem Baufl\u00e4chenkataster entwickelt werden. Wir haben uns eindeutig gegen eine Bebauung an der Hedwig-Kiesekamp-Stra\u00dfe ausgesprochen&#8220;, so der Fraktionsvorsitzende Burkhard Kapteinat.<\/div>\n<div style=\"text-align: justify;\">Allerdings scheint sich die CDU \u00fcber eine m\u00f6gliche Bebauung nicht einig zu sein. So schreibt der CDU-Stadtverbandsvorsitzende auf seiner Internetseite, dass er keiner engen Bebauung an der Hedwig-Kiesekamp-Stra\u00dfe zustimmt, folglich aber eine grunds\u00e4tzliche Bebauung bef\u00fcrwortet.<\/div>\n<div style=\"text-align: justify;\">Dagegen spricht sich die Henrichenburger SPD eindeutig f\u00fcr den Erhalt von Gr\u00fcnfl\u00e4chen im Ortsteil aus. \u201eDie freie Fl\u00e4che an der Hedwig-Kiesekamp-Stra\u00dfe ist genau wie der Gemeindeplatz eine der zentralen gr\u00fcnen Wiesen im Ortsteil&#8220;, so die Vorsitzende und Ratskandidatin Britta Schewe. \u201eDeshalb wollen wir im Gegensatz zur CDU auch die Gr\u00fcnfl\u00e4che auf dem Gemeindeplatz erhalten.&#8220;<\/div>\n","protected":false},"excerpt":{"rendered":"<p>\u00dcber den Leserbrief der Henrichenburger CDU ist die SPD verwundert. \u201eDie Zustimmung zum Gesamtkonzept der Wohnbaufl\u00e4chenentwicklung hei\u00dft nicht, dass alle Fl\u00e4chen in dem Baufl\u00e4chenkataster entwickelt werden. Wir haben uns eindeutig gegen eine Bebauung an der Hedwig-Kiesekamp-Stra\u00dfe ausgesprochen&#8220;, so der Fraktionsvorsitzende Burkhard Kapteinat. Allerdings scheint sich die CDU \u00fcber eine m\u00f6gliche Bebauung nicht einig zu sein. &#8230; <a title=\"SPD Henrichenburg spricht sich klar f\u00fcr den Erhalt von Gr\u00fcnfl\u00e4chen im Ortsteil aus\" class=\"read-more\" href=\"http:\/\/www.spd-henrichenburg.de\/?p=28\" aria-label=\"Mehr Informationen \u00fcber SPD Henrichenburg spricht sich klar f\u00fcr den Erhalt von Gr\u00fcnfl\u00e4chen im Ortsteil aus\">Weiterlesen<\/a><\/p>\n","protected":false},"author":1,"featured_media":0,"comment_status":"closed","ping_status":"closed","sticky":false,"template":"","format":"standard","meta":{"footnotes":""},"categories":[5],"tags":[],"class_list":["post-28","post","type-post","status-publish","format-standard","hentry","category-pressemitteilungen"],"_links":{"self":[{"href":"http:\/\/www.spd-henrichenburg.de\/index.php?rest_route=\/wp\/v2\/posts\/28","targetHints":{"allow":["GET"]}}],"collection":[{"href":"http:\/\/www.spd-henrichenburg.de\/index.php?rest_route=\/wp\/v2\/posts"}],"about":[{"href":"http:\/\/www.spd-henrichenburg.de\/index.php?rest_route=\/wp\/v2\/types\/post"}],"author":[{"embeddable":true,"href":"http:\/\/www.spd-henrichenburg.de\/index.php?rest_route=\/wp\/v2\/users\/1"}],"replies":[{"embeddable":true,"href":"http:\/\/www.spd-henrichenburg.de\/index.php?rest_route=%2Fwp%2Fv2%2Fcomments&post=28"}],"version-history":[{"count":0,"href":"http:\/\/www.spd-henrichenburg.de\/index.php?rest_route=\/wp\/v2\/posts\/28\/revisions"}],"wp:attachment":[{"href":"http:\/\/www.spd-henrichenburg.de\/index.php?rest_route=%2Fwp%2Fv2%2Fmedia&parent=28"}],"wp:term":[{"taxonomy":"category","embeddable":true,"href":"http:\/\/www.spd-henrichenburg.de\/index.php?rest_route=%2Fwp%2Fv2%2Fcategories&post=28"},{"taxonomy":"post_tag","embeddable":true,"href":"http:\/\/www.spd-henrichenburg.de\/index.php?rest_route=%2Fwp%2Fv2%2Ftags&post=28"}],"curies":[{"name":"wp","href":"https:\/\/api.w.org\/{rel}","templated":true}]}}