{"id":25,"date":"2009-01-21T08:54:47","date_gmt":"2009-01-21T07:54:47","guid":{"rendered":"http:\/\/www.spd-henrichenburg.de\/?p=25"},"modified":"2009-01-21T08:54:47","modified_gmt":"2009-01-21T07:54:47","slug":"spd-henrichenburg-laedt-zur-jahreshauptversammlung-ein","status":"publish","type":"post","link":"http:\/\/www.spd-henrichenburg.de\/?p=25","title":{"rendered":"SPD Henrichenburg l\u00e4dt zur Jahreshauptversammlung ein"},"content":{"rendered":"<div style=\"text-align: justify;\">Die Henrichenburger SPD l\u00e4dt alle Mitglieder ihres Ortsvereins zur Jahreshauptversammlung am Freitag, den 23. Januar 2009, um 20 Uhr zur Gastst\u00e4tte Zum Lambertus, Beckumer Str. 33, ein.<\/div>\n<div style=\"text-align: justify;\"><\/div>\n<p style=\"text-align: justify;\">Bei der Versammlung wird der Vorstand einen Bericht \u00fcber die Arbeit der letzten zwei Jahre geben. Auf der Tagesordnung steht insbesondere die Wahl eines neuen Vorstands. Die Henrichenburger SPD wird bei ihrer Versammlung zudem einen Ausblick auf das neue Jahr geben. \u201eWir werden uns sowohl personell als auch inhaltlich gut f\u00fcr das Wahljahr 2009 aufstellen&#8220;, so die Ratskandidatin Britta Schewe. Neben den Vorstandswahlen werden deshalb die Ziele der Henrichenburger SPD f\u00fcr 2009 ein Thema sein. \u201eWir wollen Henrichenburg zum Beispiel f\u00fcr Fu\u00dfg\u00e4nger und Radfahrer freundlicher gestalten&#8220;, nennt das Ratsmitglied Burkhard Kapteinat ein Ziel.<\/p>\n","protected":false},"excerpt":{"rendered":"<p>Die Henrichenburger SPD l\u00e4dt alle Mitglieder ihres Ortsvereins zur Jahreshauptversammlung am Freitag, den 23. Januar 2009, um 20 Uhr zur Gastst\u00e4tte Zum Lambertus, Beckumer Str. 33, ein. Bei der Versammlung wird der Vorstand einen Bericht \u00fcber die Arbeit der letzten zwei Jahre geben. Auf der Tagesordnung steht insbesondere die Wahl eines neuen Vorstands. Die Henrichenburger &#8230; <a title=\"SPD Henrichenburg l\u00e4dt zur Jahreshauptversammlung ein\" class=\"read-more\" href=\"http:\/\/www.spd-henrichenburg.de\/?p=25\" aria-label=\"Mehr Informationen \u00fcber SPD Henrichenburg l\u00e4dt zur Jahreshauptversammlung ein\">Weiterlesen<\/a><\/p>\n","protected":false},"author":1,"featured_media":0,"comment_status":"closed","ping_status":"closed","sticky":false,"template":"","format":"standard","meta":{"footnotes":""},"categories":[5],"tags":[],"class_list":["post-25","post","type-post","status-publish","format-standard","hentry","category-pressemitteilungen"],"_links":{"self":[{"href":"http:\/\/www.spd-henrichenburg.de\/index.php?rest_route=\/wp\/v2\/posts\/25","targetHints":{"allow":["GET"]}}],"collection":[{"href":"http:\/\/www.spd-henrichenburg.de\/index.php?rest_route=\/wp\/v2\/posts"}],"about":[{"href":"http:\/\/www.spd-henrichenburg.de\/index.php?rest_route=\/wp\/v2\/types\/post"}],"author":[{"embeddable":true,"href":"http:\/\/www.spd-henrichenburg.de\/index.php?rest_route=\/wp\/v2\/users\/1"}],"replies":[{"embeddable":true,"href":"http:\/\/www.spd-henrichenburg.de\/index.php?rest_route=%2Fwp%2Fv2%2Fcomments&post=25"}],"version-history":[{"count":0,"href":"http:\/\/www.spd-henrichenburg.de\/index.php?rest_route=\/wp\/v2\/posts\/25\/revisions"}],"wp:attachment":[{"href":"http:\/\/www.spd-henrichenburg.de\/index.php?rest_route=%2Fwp%2Fv2%2Fmedia&parent=25"}],"wp:term":[{"taxonomy":"category","embeddable":true,"href":"http:\/\/www.spd-henrichenburg.de\/index.php?rest_route=%2Fwp%2Fv2%2Fcategories&post=25"},{"taxonomy":"post_tag","embeddable":true,"href":"http:\/\/www.spd-henrichenburg.de\/index.php?rest_route=%2Fwp%2Fv2%2Ftags&post=25"}],"curies":[{"name":"wp","href":"https:\/\/api.w.org\/{rel}","templated":true}]}}