{"id":19,"date":"2008-10-15T18:25:00","date_gmt":"2008-10-15T16:25:00","guid":{"rendered":"http:\/\/www.spd-henrichenburg.de\/?p=19"},"modified":"2008-10-15T18:25:00","modified_gmt":"2008-10-15T16:25:00","slug":"spd-henrichenburg-jung-und-erfahrung-fuer-den-rat","status":"publish","type":"post","link":"http:\/\/www.spd-henrichenburg.de\/?p=19","title":{"rendered":"SPD Henrichenburg: Jung und Erfahrung f\u00fcr den Rat"},"content":{"rendered":"<div style=\"text-align: justify;\">Die SPD in Henrichenburg hat am Montag ihre Nominierungen f\u00fcr den Rat vorgenommen. Mit dem jetzigen Ratsmitglied und Fraktionsvorsitzenden der SPD tritt wieder Burkhard Kapteinat f\u00fcr den Rat der Stadt an. Britta Schewe, 22 und alteingesessene\u00a0 Becklemerin tritt neu im Wahlkreis 7 (entlang der Hagenstra\u00dfe, Henrichenburg Mitte) an. Die Studentin der Politikwissenschaft und Mitarbeiterin der NRW School of Governance an der Universit\u00e4t Duisburg-Essen ist bisher in der SPD verantwortlich f\u00fcr die Organisation der Zukunftstouren, die zur Vorbereitung f\u00fcr das Kommunalwahlprogramm dienen. \u201eWir wollen in Henrichenburg und Becklem zum einen den traditionellen und d\u00f6rflichen Charakter bewahren und zum anderen unsere Vorstellungen einer kinder- und familienfreundlichen Stadt umsetzen&#8220;, sagte die einstimmig nominierte Britta Schewe.<\/div>\n<p> \u201eKonkret hei\u00dft das f\u00fcr uns, dass wir z.B. den Bau des Spielplatzes in der Siedlung Im Pothhof und Im Brendick im n\u00e4chsten Jahr realisieren&#8220;, betonte Schewe. \u201eEin Antrag der SPD-Ratsfraktion ist dazu bereits gestellt&#8220;, erg\u00e4nzte Kapteinat. <\/p>\n<p class=\"MsoNormal\" style=\"text-align: justify;\"><span style=\"font-family: \"><\/span><\/p>\n","protected":false},"excerpt":{"rendered":"<p>Die SPD in Henrichenburg hat am Montag ihre Nominierungen f\u00fcr den Rat vorgenommen. Mit dem jetzigen Ratsmitglied und Fraktionsvorsitzenden der SPD tritt wieder Burkhard Kapteinat f\u00fcr den Rat der Stadt an. Britta Schewe, 22 und alteingesessene\u00a0 Becklemerin tritt neu im Wahlkreis 7 (entlang der Hagenstra\u00dfe, Henrichenburg Mitte) an. Die Studentin der Politikwissenschaft und Mitarbeiterin der &#8230; <a title=\"SPD Henrichenburg: Jung und Erfahrung f\u00fcr den Rat\" class=\"read-more\" href=\"http:\/\/www.spd-henrichenburg.de\/?p=19\" aria-label=\"Mehr Informationen \u00fcber SPD Henrichenburg: Jung und Erfahrung f\u00fcr den Rat\">Weiterlesen<\/a><\/p>\n","protected":false},"author":1,"featured_media":0,"comment_status":"closed","ping_status":"closed","sticky":false,"template":"","format":"standard","meta":{"footnotes":""},"categories":[5],"tags":[],"class_list":["post-19","post","type-post","status-publish","format-standard","hentry","category-pressemitteilungen"],"_links":{"self":[{"href":"http:\/\/www.spd-henrichenburg.de\/index.php?rest_route=\/wp\/v2\/posts\/19","targetHints":{"allow":["GET"]}}],"collection":[{"href":"http:\/\/www.spd-henrichenburg.de\/index.php?rest_route=\/wp\/v2\/posts"}],"about":[{"href":"http:\/\/www.spd-henrichenburg.de\/index.php?rest_route=\/wp\/v2\/types\/post"}],"author":[{"embeddable":true,"href":"http:\/\/www.spd-henrichenburg.de\/index.php?rest_route=\/wp\/v2\/users\/1"}],"replies":[{"embeddable":true,"href":"http:\/\/www.spd-henrichenburg.de\/index.php?rest_route=%2Fwp%2Fv2%2Fcomments&post=19"}],"version-history":[{"count":0,"href":"http:\/\/www.spd-henrichenburg.de\/index.php?rest_route=\/wp\/v2\/posts\/19\/revisions"}],"wp:attachment":[{"href":"http:\/\/www.spd-henrichenburg.de\/index.php?rest_route=%2Fwp%2Fv2%2Fmedia&parent=19"}],"wp:term":[{"taxonomy":"category","embeddable":true,"href":"http:\/\/www.spd-henrichenburg.de\/index.php?rest_route=%2Fwp%2Fv2%2Fcategories&post=19"},{"taxonomy":"post_tag","embeddable":true,"href":"http:\/\/www.spd-henrichenburg.de\/index.php?rest_route=%2Fwp%2Fv2%2Ftags&post=19"}],"curies":[{"name":"wp","href":"https:\/\/api.w.org\/{rel}","templated":true}]}}