{"id":17,"date":"2008-10-31T12:09:00","date_gmt":"2008-10-31T11:09:00","guid":{"rendered":"http:\/\/www.spd-henrichenburg.de\/?p=17"},"modified":"2008-10-31T12:09:00","modified_gmt":"2008-10-31T11:09:00","slug":"lisa-kapteinat-von-ortsverein-henrichenburg-als-direktkandidatin-fuer-den-kreistag-nominiert","status":"publish","type":"post","link":"http:\/\/www.spd-henrichenburg.de\/?p=17","title":{"rendered":"Lisa Kapteinat von Ortsverein Henrichenburg als Direktkandidatin f\u00fcr den Kreistag nominiert"},"content":{"rendered":"<p style=\"text-align: justify;\">F\u00fcr ein Direktmandat zum Kreistag nominiert die Mitgliederversammlung der Henrichenburger SPD nun Lisa Kapteinat. Die Jura- Studentin ist Bildungsbeauftragte im Vorstand des SPD- Ortsvereins. F\u00fcr die Kandidatur ihrer stellvertretenden Stadtverbandsvorsitzenden sprachen sich auch die Castrop-Rauxeler Jungsozialisten aus. Lisa Kapteinat bekleidet zudem die Funktion der Kreisverbandsvorsitzenden der Jusos. ,,Wir wollen einen Beitrag zu Verj\u00fcngung der Gremienstrukturen leisten und gehen davon aus, dass Lisa f\u00fcr ein Kreistagsmandat bestens geeignet ist&#8220;, erkl\u00e4rte die Ortsvereinsvorsitzende Barbara Wieschus.<\/p>\n","protected":false},"excerpt":{"rendered":"<p>F\u00fcr ein Direktmandat zum Kreistag nominiert die Mitgliederversammlung der Henrichenburger SPD nun Lisa Kapteinat. Die Jura- Studentin ist Bildungsbeauftragte im Vorstand des SPD- Ortsvereins. F\u00fcr die Kandidatur ihrer stellvertretenden Stadtverbandsvorsitzenden sprachen sich auch die Castrop-Rauxeler Jungsozialisten aus. Lisa Kapteinat bekleidet zudem die Funktion der Kreisverbandsvorsitzenden der Jusos. ,,Wir wollen einen Beitrag zu Verj\u00fcngung der Gremienstrukturen &#8230; <a title=\"Lisa Kapteinat von Ortsverein Henrichenburg als Direktkandidatin f\u00fcr den Kreistag nominiert\" class=\"read-more\" href=\"http:\/\/www.spd-henrichenburg.de\/?p=17\" aria-label=\"Mehr Informationen \u00fcber Lisa Kapteinat von Ortsverein Henrichenburg als Direktkandidatin f\u00fcr den Kreistag nominiert\">Weiterlesen<\/a><\/p>\n","protected":false},"author":1,"featured_media":0,"comment_status":"closed","ping_status":"closed","sticky":false,"template":"","format":"standard","meta":{"footnotes":""},"categories":[5],"tags":[],"class_list":["post-17","post","type-post","status-publish","format-standard","hentry","category-pressemitteilungen"],"_links":{"self":[{"href":"http:\/\/www.spd-henrichenburg.de\/index.php?rest_route=\/wp\/v2\/posts\/17","targetHints":{"allow":["GET"]}}],"collection":[{"href":"http:\/\/www.spd-henrichenburg.de\/index.php?rest_route=\/wp\/v2\/posts"}],"about":[{"href":"http:\/\/www.spd-henrichenburg.de\/index.php?rest_route=\/wp\/v2\/types\/post"}],"author":[{"embeddable":true,"href":"http:\/\/www.spd-henrichenburg.de\/index.php?rest_route=\/wp\/v2\/users\/1"}],"replies":[{"embeddable":true,"href":"http:\/\/www.spd-henrichenburg.de\/index.php?rest_route=%2Fwp%2Fv2%2Fcomments&post=17"}],"version-history":[{"count":0,"href":"http:\/\/www.spd-henrichenburg.de\/index.php?rest_route=\/wp\/v2\/posts\/17\/revisions"}],"wp:attachment":[{"href":"http:\/\/www.spd-henrichenburg.de\/index.php?rest_route=%2Fwp%2Fv2%2Fmedia&parent=17"}],"wp:term":[{"taxonomy":"category","embeddable":true,"href":"http:\/\/www.spd-henrichenburg.de\/index.php?rest_route=%2Fwp%2Fv2%2Fcategories&post=17"},{"taxonomy":"post_tag","embeddable":true,"href":"http:\/\/www.spd-henrichenburg.de\/index.php?rest_route=%2Fwp%2Fv2%2Ftags&post=17"}],"curies":[{"name":"wp","href":"https:\/\/api.w.org\/{rel}","templated":true}]}}