{"id":160,"date":"2016-12-04T18:35:32","date_gmt":"2016-12-04T17:35:32","guid":{"rendered":"http:\/\/www.spd-henrichenburg.de\/?p=160"},"modified":"2017-11-13T14:04:47","modified_gmt":"2017-11-13T13:04:47","slug":"spd-henrichenburg-ehrte-jubilar-infostand-am-nikolaustag","status":"publish","type":"post","link":"http:\/\/www.spd-henrichenburg.de\/?p=160","title":{"rendered":"SPD Henrichenburg ehrte Jubilar \u2013 Infostand am Nikolaustag"},"content":{"rendered":"<p>Der SPD-Ortsverein Henrichenburg hat am vergangenen Freitag (2.12.) das Jahr mit dem traditionellen Jahresabschlussessen ausklingen lassen. In diesem Rahmen wurde Ralf Kablitz f\u00fcr seine 25-j\u00e4hrige Parteimitgliedschaft geehrt. Der Ortsvereinsvorsitzende Marcus Pelzing zeigte sich besonders erfreut dar\u00fcber, dass die Henrichenburger SPD nun mit zwei Ratsmitgliedern im Stadtrat vertreten ist. \u201eWir wollen Sprachrohr f\u00fcr alle Henrichenburger und Becklemer sein. Sprechen Sie uns an. Nur so k\u00f6nnen wir die Interessen des Ortsteils in den Stadtrat tragen&#8220;, l\u00e4dt Pelzing zur Beteiligung ein. Die n\u00e4chste Gelegenheit, mit den Sozialdemokraten ins Gespr\u00e4ch zu kommen, gibt es am Dienstag, den 6. Dezember, ab 17 Uhr vor dem HeDi-Zentrum. Dort verteilt der Ortsverein traditionell Schokoladennikol\u00e4use. Vor Ort sein werden die beiden Ratsmitglieder Marcus Pelzing und Daniela Rotte sowie das Henrichenburger Kreistagsmitglied Lisa Kapteinat.<\/p>\n<p style=\"text-align: justify;\">Auf dem Foto von links nach rechts: Lisa Kapteinat (Stadtverbandsvorsitzende), Ralf Kablitz (25-j\u00e4hriges Parteijubil\u00e4um) und Marcus Pelzing (Ortsvereinsvorsitzender)<\/p>\n","protected":false},"excerpt":{"rendered":"<p>Der SPD-Ortsverein Henrichenburg hat am vergangenen Freitag (2.12.) das Jahr mit dem traditionellen Jahresabschlussessen ausklingen lassen. In diesem Rahmen wurde Ralf Kablitz f\u00fcr seine 25-j\u00e4hrige Parteimitgliedschaft geehrt. Der Ortsvereinsvorsitzende Marcus Pelzing zeigte sich besonders erfreut dar\u00fcber, dass die Henrichenburger SPD nun mit zwei Ratsmitgliedern im Stadtrat vertreten ist. \u201eWir wollen Sprachrohr f\u00fcr alle Henrichenburger und &#8230; <a title=\"SPD Henrichenburg ehrte Jubilar \u2013 Infostand am Nikolaustag\" class=\"read-more\" href=\"http:\/\/www.spd-henrichenburg.de\/?p=160\" aria-label=\"Mehr Informationen \u00fcber SPD Henrichenburg ehrte Jubilar \u2013 Infostand am Nikolaustag\">Weiterlesen<\/a><\/p>\n","protected":false},"author":1,"featured_media":227,"comment_status":"closed","ping_status":"closed","sticky":false,"template":"","format":"standard","meta":{"footnotes":""},"categories":[5],"tags":[],"class_list":["post-160","post","type-post","status-publish","format-standard","has-post-thumbnail","hentry","category-pressemitteilungen"],"_links":{"self":[{"href":"http:\/\/www.spd-henrichenburg.de\/index.php?rest_route=\/wp\/v2\/posts\/160","targetHints":{"allow":["GET"]}}],"collection":[{"href":"http:\/\/www.spd-henrichenburg.de\/index.php?rest_route=\/wp\/v2\/posts"}],"about":[{"href":"http:\/\/www.spd-henrichenburg.de\/index.php?rest_route=\/wp\/v2\/types\/post"}],"author":[{"embeddable":true,"href":"http:\/\/www.spd-henrichenburg.de\/index.php?rest_route=\/wp\/v2\/users\/1"}],"replies":[{"embeddable":true,"href":"http:\/\/www.spd-henrichenburg.de\/index.php?rest_route=%2Fwp%2Fv2%2Fcomments&post=160"}],"version-history":[{"count":4,"href":"http:\/\/www.spd-henrichenburg.de\/index.php?rest_route=\/wp\/v2\/posts\/160\/revisions"}],"predecessor-version":[{"id":369,"href":"http:\/\/www.spd-henrichenburg.de\/index.php?rest_route=\/wp\/v2\/posts\/160\/revisions\/369"}],"wp:featuredmedia":[{"embeddable":true,"href":"http:\/\/www.spd-henrichenburg.de\/index.php?rest_route=\/wp\/v2\/media\/227"}],"wp:attachment":[{"href":"http:\/\/www.spd-henrichenburg.de\/index.php?rest_route=%2Fwp%2Fv2%2Fmedia&parent=160"}],"wp:term":[{"taxonomy":"category","embeddable":true,"href":"http:\/\/www.spd-henrichenburg.de\/index.php?rest_route=%2Fwp%2Fv2%2Fcategories&post=160"},{"taxonomy":"post_tag","embeddable":true,"href":"http:\/\/www.spd-henrichenburg.de\/index.php?rest_route=%2Fwp%2Fv2%2Ftags&post=160"}],"curies":[{"name":"wp","href":"https:\/\/api.w.org\/{rel}","templated":true}]}}