{"id":157,"date":"2016-04-13T06:13:17","date_gmt":"2016-04-13T04:13:17","guid":{"rendered":"http:\/\/www.spd-henrichenburg.de\/?p=157"},"modified":"2016-04-13T06:13:17","modified_gmt":"2016-04-13T04:13:17","slug":"spd-henrichenburg-setzt-sich-fuer-aufwertung-am-wasserkreuz-ein-schwung-der-bewerbung-fuer-die-landesgartenschau-soll-genutzt-werden","status":"publish","type":"post","link":"http:\/\/www.spd-henrichenburg.de\/?p=157","title":{"rendered":"SPD Henrichenburg setzt sich f\u00fcr Aufwertung am Wasserkreuz ein \u2013  Schwung der Bewerbung f\u00fcr die Landesgartenschau soll genutzt werden"},"content":{"rendered":"<div style=\"text-align: justify;\">Der SPD-Ortsverein Henrichenburg setzt sich daf\u00fcr ein, dass die geplanten Ma\u00dfnahmen und Projekte, die f\u00fcr die Bewerbung der Landesgartenschau 2020 vorgesehen waren, mithilfe von F\u00f6rderm\u00f6glichkeiten und Partnern auch ohne den Zuschlag realisiert werden. Dazu gibt es einen entsprechenden Antrag f\u00fcr den SPD-Stadtverbandsparteitag am Samstag (16. April) ab 10 Uhr in der Mensa der Willy-Brandt-Gesamtschule.<br \/>Im Rahmen der Landesgartenschau sollten die Fl\u00e4chen am umgebauten Wasserkreuz von Rhein-Herne-Kanal und Emscher aufgewertet werden. Mit dem Br\u00fcckenbauwerk \u201eSprung \u00fcber die Emscher&#8220; war eine Br\u00fccke f\u00fcr Fu\u00dfg\u00e4nger und Radfahrer \u00fcber die Emscher und \u00fcber den Rhein-Herne-Kanal geplant. Ein weiteres Projekt ist ein gl\u00e4serner Schacht, der den Blick auf den derzeit im Bau befindlichen Abwasserkanal der Emscher erm\u00f6glicht und somit erlebbar macht.<br \/>\u201eDie Ma\u00dfnahmen w\u00e4ren eine echte Bereicherung f\u00fcr Henrichenburg und die anderen an die Emscher angrenzenden Stadtteile und ein sch\u00f6ne Abrundung des jahrelangen Emscher- und Kanalumbaus. Dies hatte auch die Jury der Landesgartenschau ausdr\u00fccklich betont. Deshalb wollen wir die Stadtverwaltung und den B\u00fcrgermeister bitten, sich daf\u00fcr einzusetzen, andere F\u00f6rderm\u00f6glichkeiten gemeinsam mit dem Land zu finden. Die Projekte d\u00fcrfen nicht in Vergessenheit geraten&#8220;, so Marcus Pelzing, Vorsitzender des Ortsvereins und Ratsherr f\u00fcr Henrichenburg.<\/div>\n","protected":false},"excerpt":{"rendered":"<p>Der SPD-Ortsverein Henrichenburg setzt sich daf\u00fcr ein, dass die geplanten Ma\u00dfnahmen und Projekte, die f\u00fcr die Bewerbung der Landesgartenschau 2020 vorgesehen waren, mithilfe von F\u00f6rderm\u00f6glichkeiten und Partnern auch ohne den Zuschlag realisiert werden. Dazu gibt es einen entsprechenden Antrag f\u00fcr den SPD-Stadtverbandsparteitag am Samstag (16. April) ab 10 Uhr in der Mensa der Willy-Brandt-Gesamtschule.Im Rahmen &#8230; <a title=\"SPD Henrichenburg setzt sich f\u00fcr Aufwertung am Wasserkreuz ein \u2013  Schwung der Bewerbung f\u00fcr die Landesgartenschau soll genutzt werden\" class=\"read-more\" href=\"http:\/\/www.spd-henrichenburg.de\/?p=157\" aria-label=\"Mehr Informationen \u00fcber SPD Henrichenburg setzt sich f\u00fcr Aufwertung am Wasserkreuz ein \u2013  Schwung der Bewerbung f\u00fcr die Landesgartenschau soll genutzt werden\">Weiterlesen<\/a><\/p>\n","protected":false},"author":1,"featured_media":0,"comment_status":"closed","ping_status":"closed","sticky":false,"template":"","format":"standard","meta":{"footnotes":""},"categories":[5],"tags":[],"class_list":["post-157","post","type-post","status-publish","format-standard","hentry","category-pressemitteilungen"],"_links":{"self":[{"href":"http:\/\/www.spd-henrichenburg.de\/index.php?rest_route=\/wp\/v2\/posts\/157","targetHints":{"allow":["GET"]}}],"collection":[{"href":"http:\/\/www.spd-henrichenburg.de\/index.php?rest_route=\/wp\/v2\/posts"}],"about":[{"href":"http:\/\/www.spd-henrichenburg.de\/index.php?rest_route=\/wp\/v2\/types\/post"}],"author":[{"embeddable":true,"href":"http:\/\/www.spd-henrichenburg.de\/index.php?rest_route=\/wp\/v2\/users\/1"}],"replies":[{"embeddable":true,"href":"http:\/\/www.spd-henrichenburg.de\/index.php?rest_route=%2Fwp%2Fv2%2Fcomments&post=157"}],"version-history":[{"count":0,"href":"http:\/\/www.spd-henrichenburg.de\/index.php?rest_route=\/wp\/v2\/posts\/157\/revisions"}],"wp:attachment":[{"href":"http:\/\/www.spd-henrichenburg.de\/index.php?rest_route=%2Fwp%2Fv2%2Fmedia&parent=157"}],"wp:term":[{"taxonomy":"category","embeddable":true,"href":"http:\/\/www.spd-henrichenburg.de\/index.php?rest_route=%2Fwp%2Fv2%2Fcategories&post=157"},{"taxonomy":"post_tag","embeddable":true,"href":"http:\/\/www.spd-henrichenburg.de\/index.php?rest_route=%2Fwp%2Fv2%2Ftags&post=157"}],"curies":[{"name":"wp","href":"https:\/\/api.w.org\/{rel}","templated":true}]}}