{"id":153,"date":"2016-02-07T16:38:14","date_gmt":"2016-02-07T15:38:14","guid":{"rendered":"http:\/\/www.spd-henrichenburg.de\/?p=153"},"modified":"2016-02-07T16:38:14","modified_gmt":"2016-02-07T15:38:14","slug":"spd-henrichenburg-veranstaltet-jahreshauptversammlung","status":"publish","type":"post","link":"http:\/\/www.spd-henrichenburg.de\/?p=153","title":{"rendered":"SPD Henrichenburg veranstaltet Jahreshauptversammlung"},"content":{"rendered":"<div style=\"text-align: justify;\">Der SPD-Ortsverein Henrichenburg l\u00e4dt alle Mitglieder und Interessierten zur Jahreshauptversammlung am Freitag, den 12. Februar 2016, ab 19:30 Uhr in die Gastst\u00e4tte \u201eZum Lambertus&#8220;, Beckumer Stra\u00dfe 33, ein. Im Rahmen der Versammlung wird der Vorsitzende Marcus Pelzing einen Bericht \u00fcber die Aktivit\u00e4ten des Ortsvereins im vergangenen Jahr geben. \u201eZugleich wollen wir nach vorne gucken und die Planungen und Ziele f\u00fcr dieses Jahr diskutieren&#8220;, so Marcus Pelzing. Dar\u00fcber hinaus stehen Berichte aus dem Kreistag durch das Kreistagsmitglied Lisa Kapteinat, aus dem Stadtrat durch das Ratsmitglied Marcus Pelzing sowie aus dem Stadtverband durch den stellvertretenden Vorsitzenden Ronald Jankovics auf der Tagesordnung.<\/div>\n<div style=\"text-align: justify;\"><\/div>\n<div style=\"text-align: justify;\"><\/div>\n","protected":false},"excerpt":{"rendered":"<p>Der SPD-Ortsverein Henrichenburg l\u00e4dt alle Mitglieder und Interessierten zur Jahreshauptversammlung am Freitag, den 12. Februar 2016, ab 19:30 Uhr in die Gastst\u00e4tte \u201eZum Lambertus&#8220;, Beckumer Stra\u00dfe 33, ein. Im Rahmen der Versammlung wird der Vorsitzende Marcus Pelzing einen Bericht \u00fcber die Aktivit\u00e4ten des Ortsvereins im vergangenen Jahr geben. \u201eZugleich wollen wir nach vorne gucken und &#8230; <a title=\"SPD Henrichenburg veranstaltet Jahreshauptversammlung\" class=\"read-more\" href=\"http:\/\/www.spd-henrichenburg.de\/?p=153\" aria-label=\"Mehr Informationen \u00fcber SPD Henrichenburg veranstaltet Jahreshauptversammlung\">Weiterlesen<\/a><\/p>\n","protected":false},"author":1,"featured_media":0,"comment_status":"closed","ping_status":"closed","sticky":false,"template":"","format":"standard","meta":{"footnotes":""},"categories":[5],"tags":[],"class_list":["post-153","post","type-post","status-publish","format-standard","hentry","category-pressemitteilungen"],"_links":{"self":[{"href":"http:\/\/www.spd-henrichenburg.de\/index.php?rest_route=\/wp\/v2\/posts\/153","targetHints":{"allow":["GET"]}}],"collection":[{"href":"http:\/\/www.spd-henrichenburg.de\/index.php?rest_route=\/wp\/v2\/posts"}],"about":[{"href":"http:\/\/www.spd-henrichenburg.de\/index.php?rest_route=\/wp\/v2\/types\/post"}],"author":[{"embeddable":true,"href":"http:\/\/www.spd-henrichenburg.de\/index.php?rest_route=\/wp\/v2\/users\/1"}],"replies":[{"embeddable":true,"href":"http:\/\/www.spd-henrichenburg.de\/index.php?rest_route=%2Fwp%2Fv2%2Fcomments&post=153"}],"version-history":[{"count":0,"href":"http:\/\/www.spd-henrichenburg.de\/index.php?rest_route=\/wp\/v2\/posts\/153\/revisions"}],"wp:attachment":[{"href":"http:\/\/www.spd-henrichenburg.de\/index.php?rest_route=%2Fwp%2Fv2%2Fmedia&parent=153"}],"wp:term":[{"taxonomy":"category","embeddable":true,"href":"http:\/\/www.spd-henrichenburg.de\/index.php?rest_route=%2Fwp%2Fv2%2Fcategories&post=153"},{"taxonomy":"post_tag","embeddable":true,"href":"http:\/\/www.spd-henrichenburg.de\/index.php?rest_route=%2Fwp%2Fv2%2Ftags&post=153"}],"curies":[{"name":"wp","href":"https:\/\/api.w.org\/{rel}","templated":true}]}}