{"id":15,"date":"2009-01-02T17:30:31","date_gmt":"2009-01-02T16:30:31","guid":{"rendered":"http:\/\/www.spd-henrichenburg.de\/?p=15"},"modified":"2009-01-02T17:30:31","modified_gmt":"2009-01-02T16:30:31","slug":"programm","status":"publish","type":"post","link":"http:\/\/www.spd-henrichenburg.de\/?p=15","title":{"rendered":"Ziele der Henrichenburger SPD"},"content":{"rendered":"<p><span style=\"font-size: 10pt;\"><span style=\"text-decoration: underline;\"><strong>Wir treten ein f\u00fcr<\/strong><\/span><\/span><\/p>\n<p>\u00a0<\/p>\n<p style=\"text-align: justify;\"><span style=\"font-size: 10pt;\">&#8211;\tein bedarfsgerechtes Angebot f\u00fcr <strong>Betreutes Wohnen<\/strong> sowie <strong>seniorengerechtes und barrierefreies Wohnen<\/strong> in Henrichenburg und Becklem.<\/span><\/p>\n<p> <span style=\"font-size: 10pt;\"> <\/span> <\/p>\n<p style=\"text-align: justify;\"><span style=\"font-size: 10pt;\">&#8211;\tdie Errichtung eines <strong>Park&amp;Ride-Parkplatzes <\/strong>an der Autobahnauffahrt zur A2.<\/span><\/p>\n<p> <span style=\"font-size: 10pt;\"> <\/span> <\/p>\n<p style=\"text-align: justify;\"><span style=\"font-size: 10pt;\">&#8211;\tdie Attraktivierung und Weiterentwicklung der <strong>Wartburginsel <\/strong>zu einem Naherholungsgebiet. <\/span><\/p>\n<p> <span style=\"font-size: 10pt;\"> <\/span> <\/p>\n<p style=\"text-align: justify;\"><span style=\"font-size: 10pt;\">&#8211;\teinen Neubau des <strong>Ger\u00e4tehauses der Freiwilligen Feuerwehr <\/strong>an der Hedwig-Kiesekamp-Stra\u00dfe.<\/span><\/p>\n<p> <span style=\"font-size: 10pt;\"> <\/span> <\/p>\n<p style=\"text-align: justify;\"><span style=\"font-size: 10pt;\">&#8211;\tf\u00fcr mehr <strong>L\u00e4rmschutz <\/strong>an Bahntrassen und Autobahnen in Henrichenburg und Becklem.<\/span><\/p>\n<p> <span style=\"font-size: 10pt;\"> <\/span> <\/p>\n<p style=\"text-align: justify;\"><span style=\"font-size: 10pt;\">&#8211;\tden Erhalt der <strong>Gr\u00fcnfl\u00e4che auf dem Gemeindeplatz<\/strong>. <\/span><\/p>\n<p> <span style=\"font-size: 10pt;\"> <\/span> <\/p>\n<p style=\"text-align: justify;\"><span style=\"font-size: 10pt;\">&#8211;\tTransparenz und eine gr\u00f6\u00dftm\u00f6gliche Beteiligung der B\u00fcrgerinnen und B\u00fcrger bei der Errichtung der <strong>Windkraftanlage <\/strong>im Becklemer Norden.<\/span><\/p>\n<p> <span style=\"font-size: 10pt;\"> <\/span> <\/p>\n<p style=\"text-align: justify;\"><span style=\"font-size: 10pt;\">&#8211;\teinen L\u00fcckenschluss des <strong>Radweges <\/strong>auf der Wartburgstra\u00dfe. <\/span><\/p>\n<p> <span style=\"font-size: 10pt;\"> <\/span> <\/p>\n<p style=\"text-align: justify;\"><span style=\"font-size: 10pt;\">&#8211;\tfr\u00fchzeitige Informationen und B\u00fcrgerbeteiligung zur <strong>Erweiterung des Rhein-Herne-Kanals<\/strong> in Henrichenburg und Becklem sowie die Errichtung einer <strong>Behelfsbr\u00fccke <\/strong>auf der Lambertstra\u00dfe f\u00fcr Fu\u00dfg\u00e4nger und Radfahrer w\u00e4hrend der Bauphase.<\/span><\/p>\n<p> <span style=\"font-size: 10pt;\"> <\/span> <\/p>\n<p style=\"text-align: justify;\"><span style=\"font-size: 10pt;\">&#8211;\tden Erhalt der <strong>Stra\u00dfenbeleuchtung <\/strong>auf der Lambertstra\u00dfe als einzige fu\u00dfl\u00e4ufig erreichbare Verbindung zwischen Henrichenburg und Becklem.<\/span><\/p>\n<p> <span style=\"font-size: 10pt;\"> <\/span> <\/p>\n<p style=\"text-align: justify;\"><span style=\"font-size: 10pt;\">&#8211;\tdie \u00dcberpr\u00fcfung und Sanierung von <strong>B\u00fcrgersteigen<\/strong>, z.B. an der Lambertstra\u00dfe von der Kanalbr\u00fccke bis zur Autobahnunterf\u00fchrung und an der B 235 zwischen Hohe Kampstra\u00dfe und Bushaltestelle.<\/span><\/p>\n<p> <span style=\"font-size: 10pt;\"> <\/span> <\/p>\n<p style=\"text-align: justify;\"><span style=\"font-size: 10pt;\">&#8211;\tdie weitere Verbesserung der <strong>Ampelschaltung <\/strong>f\u00fcr Fahrzeuge und Fu\u00dfg\u00e4nger auf der B 235.<\/span><\/p>\n<p> <span style=\"font-size: 10pt;\"> <\/span> <\/p>\n<p style=\"text-align: justify;\"><span style=\"font-size: 10pt;\">&#8211;\tdie \u00dcberpr\u00fcfung und Verbesserung der <strong>Parkplatzsituation <\/strong>auf der Hagenstra\u00dfe und in der Wohnsiedlung Pothhof\/Im Brendick.<\/span><\/p>\n<p> <span style=\"font-size: 10pt;\"> <\/span> <\/p>\n<p style=\"text-align: justify;\"><span style=\"font-size: 10pt;\">&#8211;\tden Erhalt und mehr Informationen \u00fcber den <strong>TaxiBus 481<\/strong> zwischen Becklem und Henrichenburg am Wochenende.<\/span><\/p>\n<p> <span style=\"font-size: 10pt;\"> <\/span> <\/p>\n<p style=\"text-align: justify;\"><span style=\"font-size: 10pt;\">&#8211;\tmehr Angebote aus dem <strong>Casterix-Ferienprogramm<\/strong> in Henrichenburg.<\/span><\/p>\n<p> <span style=\"font-size: 10pt;\"> <\/span> <\/p>\n<p style=\"text-align: justify;\"><span style=\"font-size: 10pt;\">&#8211;\tdie Entwicklung der <strong>Freifl\u00e4che an der Freiheitstra\u00dfe<\/strong> f\u00fcr Dienstleistungen und seniorengerechtes Wohnen.<\/span><\/p>\n<p> <span style=\"font-size: 10pt;\"> <\/span> <\/p>\n<p style=\"text-align: justify;\"><span style=\"font-size: 10pt;\">&#8211;\tdie Verbesserung der Verkehrs-, Beleuchtungs- und Kreuzungssituation auf der <strong>Wartburgstra\u00dfe\/Ecke Freiheitstra\u00dfe<\/strong>.<\/span><\/p>\n<p> <span style=\"font-size: 10pt;\"> <\/span> <\/p>\n<p style=\"text-align: justify;\"><span style=\"font-size: 10pt;\">&#8211;\teine Verbesserung der <strong>Stra\u00dfenbeleuchtung <\/strong>auf der Suderwicher Stra\u00dfe.<\/span><\/p>\n<p> <span style=\"font-size: 10pt;\"> <\/span> <\/p>\n<p style=\"text-align: justify;\"><span style=\"font-size: 10pt;\">&#8211;\tdie Pflege der <strong>Sickermulden <\/strong>in der Siedlung Pothhof.<\/span><\/p>\n<p> <span style=\"font-size: 10pt;\"> <span> <\/span> <\/span> <\/p>\n<p><span style=\"font-size: 10pt;\"><br \/><\/span><\/p>\n<p> <span style=\"font-size: 10pt;\"> <span> <\/span><span> <\/span> <\/span> <\/p>\n<p style=\"text-align: justify;\"><span style=\"font-size: 10pt;\"><strong> <\/strong><\/span><\/p>\n<p> <span style=\"font-size: 10pt;\"> <span> <\/span> <\/span> <\/p>\n<div style=\"text-align: justify;\"><\/div>\n","protected":false},"excerpt":{"rendered":"<p>Wir treten ein f\u00fcr \u00a0 &#8211; ein bedarfsgerechtes Angebot f\u00fcr Betreutes Wohnen sowie seniorengerechtes und barrierefreies Wohnen in Henrichenburg und Becklem. &#8211; die Errichtung eines Park&amp;Ride-Parkplatzes an der Autobahnauffahrt zur A2. &#8211; die Attraktivierung und Weiterentwicklung der Wartburginsel zu einem Naherholungsgebiet. &#8211; einen Neubau des Ger\u00e4tehauses der Freiwilligen Feuerwehr an der Hedwig-Kiesekamp-Stra\u00dfe. &#8211; f\u00fcr mehr &#8230; <a title=\"Ziele der Henrichenburger SPD\" class=\"read-more\" href=\"http:\/\/www.spd-henrichenburg.de\/?p=15\" aria-label=\"Mehr Informationen \u00fcber Ziele der Henrichenburger SPD\">Weiterlesen<\/a><\/p>\n","protected":false},"author":1,"featured_media":0,"comment_status":"closed","ping_status":"closed","sticky":false,"template":"","format":"standard","meta":{"footnotes":""},"categories":[4],"tags":[],"class_list":["post-15","post","type-post","status-publish","format-standard","hentry","category-inhalt"],"_links":{"self":[{"href":"http:\/\/www.spd-henrichenburg.de\/index.php?rest_route=\/wp\/v2\/posts\/15","targetHints":{"allow":["GET"]}}],"collection":[{"href":"http:\/\/www.spd-henrichenburg.de\/index.php?rest_route=\/wp\/v2\/posts"}],"about":[{"href":"http:\/\/www.spd-henrichenburg.de\/index.php?rest_route=\/wp\/v2\/types\/post"}],"author":[{"embeddable":true,"href":"http:\/\/www.spd-henrichenburg.de\/index.php?rest_route=\/wp\/v2\/users\/1"}],"replies":[{"embeddable":true,"href":"http:\/\/www.spd-henrichenburg.de\/index.php?rest_route=%2Fwp%2Fv2%2Fcomments&post=15"}],"version-history":[{"count":0,"href":"http:\/\/www.spd-henrichenburg.de\/index.php?rest_route=\/wp\/v2\/posts\/15\/revisions"}],"wp:attachment":[{"href":"http:\/\/www.spd-henrichenburg.de\/index.php?rest_route=%2Fwp%2Fv2%2Fmedia&parent=15"}],"wp:term":[{"taxonomy":"category","embeddable":true,"href":"http:\/\/www.spd-henrichenburg.de\/index.php?rest_route=%2Fwp%2Fv2%2Fcategories&post=15"},{"taxonomy":"post_tag","embeddable":true,"href":"http:\/\/www.spd-henrichenburg.de\/index.php?rest_route=%2Fwp%2Fv2%2Ftags&post=15"}],"curies":[{"name":"wp","href":"https:\/\/api.w.org\/{rel}","templated":true}]}}