{"id":149,"date":"2015-10-21T18:50:27","date_gmt":"2015-10-21T16:50:27","guid":{"rendered":"http:\/\/www.spd-henrichenburg.de\/?p=149"},"modified":"2015-10-21T18:50:27","modified_gmt":"2015-10-21T16:50:27","slug":"spd-freut-sich-ueber-kindergarten-neubau-in-henrichenburg","status":"publish","type":"post","link":"http:\/\/www.spd-henrichenburg.de\/?p=149","title":{"rendered":"SPD freut sich \u00fcber Kindergarten Neubau in Henrichenburg"},"content":{"rendered":"<div style=\"text-align: justify;\"><span style=\"font-size: 12pt;\">Zu der anstehenden Entscheidung \u00fcber den Neubau der AWO-Kita in Henrichenburg stellt die SPD klar: &#8222;Wir werden dem Neubau zustimmen. Wir haben immer gesagt, dass Henrichenburg eine neue Kita braucht und der Standort ist etabliert&#8220;, so Bernd Goerke, SPD-Fraktionsvorsitzender. Zu dem von der (CDU) unterschriebenen Dringlichkeitsbeschluss zeigt sich die SPD \u00fcberrascht. &#8222;Die CDU in Form von Herrn Breilmann und Berkel scheinen nach der B\u00fcrgermeisterwahl pl\u00f6tzlich wieder ihre Meinung ge\u00e4ndert zu haben und stimmt nun auch dem Neubau zu. Sch\u00f6n, dass die CDU endlich die Notwendigkeit erkannt hat. So wird der Beschluss nicht nur von der Ratsmehrheit aus SPD, Gr\u00fcnen und FDP, sondern von einer breiten Mehrheit getragen&#8220;, so Goerke weiter.<br \/>Marcus Pelzing, Vorsitzender der SPD Henrichenburg, ist sich sicher, dass das die richtige Entscheidung ist: &#8222;Henrichenburg ist einer der wenigen wachsenden Stadtteile in Castrop-Rauxel. Die Eltern bekommen nun endlich Planungssicherheit und Henrichenburg eine moderne Einrichtung, die beste Bedingungen f\u00fcr die U3-Betreuung bietet. Wenn nicht wir jungen Familien eine Perspektive zur ortsnahen Kinderbetreuung bieten, wer dann?&#8220;<\/span><\/div>\n<div style=\"text-align: justify;\"><\/div>\n<div style=\"text-align: justify;\"><\/div>\n","protected":false},"excerpt":{"rendered":"<p>Zu der anstehenden Entscheidung \u00fcber den Neubau der AWO-Kita in Henrichenburg stellt die SPD klar: &#8222;Wir werden dem Neubau zustimmen. Wir haben immer gesagt, dass Henrichenburg eine neue Kita braucht und der Standort ist etabliert&#8220;, so Bernd Goerke, SPD-Fraktionsvorsitzender. Zu dem von der (CDU) unterschriebenen Dringlichkeitsbeschluss zeigt sich die SPD \u00fcberrascht. &#8222;Die CDU in Form &#8230; <a title=\"SPD freut sich \u00fcber Kindergarten Neubau in Henrichenburg\" class=\"read-more\" href=\"http:\/\/www.spd-henrichenburg.de\/?p=149\" aria-label=\"Mehr Informationen \u00fcber SPD freut sich \u00fcber Kindergarten Neubau in Henrichenburg\">Weiterlesen<\/a><\/p>\n","protected":false},"author":1,"featured_media":0,"comment_status":"closed","ping_status":"closed","sticky":false,"template":"","format":"standard","meta":{"footnotes":""},"categories":[5],"tags":[],"class_list":["post-149","post","type-post","status-publish","format-standard","hentry","category-pressemitteilungen"],"_links":{"self":[{"href":"http:\/\/www.spd-henrichenburg.de\/index.php?rest_route=\/wp\/v2\/posts\/149","targetHints":{"allow":["GET"]}}],"collection":[{"href":"http:\/\/www.spd-henrichenburg.de\/index.php?rest_route=\/wp\/v2\/posts"}],"about":[{"href":"http:\/\/www.spd-henrichenburg.de\/index.php?rest_route=\/wp\/v2\/types\/post"}],"author":[{"embeddable":true,"href":"http:\/\/www.spd-henrichenburg.de\/index.php?rest_route=\/wp\/v2\/users\/1"}],"replies":[{"embeddable":true,"href":"http:\/\/www.spd-henrichenburg.de\/index.php?rest_route=%2Fwp%2Fv2%2Fcomments&post=149"}],"version-history":[{"count":0,"href":"http:\/\/www.spd-henrichenburg.de\/index.php?rest_route=\/wp\/v2\/posts\/149\/revisions"}],"wp:attachment":[{"href":"http:\/\/www.spd-henrichenburg.de\/index.php?rest_route=%2Fwp%2Fv2%2Fmedia&parent=149"}],"wp:term":[{"taxonomy":"category","embeddable":true,"href":"http:\/\/www.spd-henrichenburg.de\/index.php?rest_route=%2Fwp%2Fv2%2Fcategories&post=149"},{"taxonomy":"post_tag","embeddable":true,"href":"http:\/\/www.spd-henrichenburg.de\/index.php?rest_route=%2Fwp%2Fv2%2Ftags&post=149"}],"curies":[{"name":"wp","href":"https:\/\/api.w.org\/{rel}","templated":true}]}}