{"id":148,"date":"2015-10-22T18:20:42","date_gmt":"2015-10-22T16:20:42","guid":{"rendered":"http:\/\/www.spd-henrichenburg.de\/?p=148"},"modified":"2015-10-22T18:20:42","modified_gmt":"2015-10-22T16:20:42","slug":"henrichenburger-marcus-pelzing-spd-rueckt-in-den-stadtrat-nach","status":"publish","type":"post","link":"http:\/\/www.spd-henrichenburg.de\/?p=148","title":{"rendered":"Henrichenburger Marcus Pelzing (SPD) r\u00fcckt in den Stadtrat nach"},"content":{"rendered":"<p style=\"text-align: justify;\"><img decoding=\"async\" style=\"margin: 8px; float: left;\" alt=\"marcus.pelzing\" src=\"images\/stories\/marcus.pelzing.jpg\" height=\"NaN\" width=\"250\" \/><span style=\"font-size: 12pt;\">Marcus Pelzing, der seit Beginn des Jahres Vorsitzender des SPD-Ortsvereins Henrichenburg ist, wird Ratsherr. Damit r\u00fcckt er f\u00fcr den gew\u00e4hlten B\u00fcrgermeister Rajko Kravanja in den Stadtrat nach. \u201eIch freue mich, wieder mehr Verantwortung in unserer Stadt zu \u00fcbernehmen und die Henrichenburger Interessen im Stadtrat zu vertreten&#8220;, so Marcus Pelzing, der in der Ratssitzung am 29. Oktober offiziell vereidigt wird. Marcus Pelzing war bereits von 2005 bis 2014 Mitglied des Stadtrates f\u00fcr den Wahlkreis Merklinde und zuletzt umweltpolitischer Sprecher der SPD-Ratsfraktion. Mittlerweile ist er Henrichenburger und zieht in das ehemalige Haus seiner Gro\u00dfeltern. Marcus Pelzing ist 40 Jahre alt, verheiratet und Vater eines Sohnes. Er ist Diplom-Physiker und arbeitet als Lehrer am Ernst-Barlach-Gymnasium. <br \/>Als Ratsherr wird Marcus Pelzing die SPD-Fraktion zuk\u00fcnftig im Ausschuss f\u00fcr Bauen, Stadtentwicklung und Verkehr als stellvertretender Vorsitzender und Sprecher sowie im Verwaltungsrat des EUV vertreten.<\/span><\/p>\n<p style=\"text-align: justify;\">\u00a0<\/p>\n<p style=\"text-align: justify;\">\u00a0<\/p>\n","protected":false},"excerpt":{"rendered":"<p>Marcus Pelzing, der seit Beginn des Jahres Vorsitzender des SPD-Ortsvereins Henrichenburg ist, wird Ratsherr. Damit r\u00fcckt er f\u00fcr den gew\u00e4hlten B\u00fcrgermeister Rajko Kravanja in den Stadtrat nach. \u201eIch freue mich, wieder mehr Verantwortung in unserer Stadt zu \u00fcbernehmen und die Henrichenburger Interessen im Stadtrat zu vertreten&#8220;, so Marcus Pelzing, der in der Ratssitzung am 29. &#8230; <a title=\"Henrichenburger Marcus Pelzing (SPD) r\u00fcckt in den Stadtrat nach\" class=\"read-more\" href=\"http:\/\/www.spd-henrichenburg.de\/?p=148\" aria-label=\"Mehr Informationen \u00fcber Henrichenburger Marcus Pelzing (SPD) r\u00fcckt in den Stadtrat nach\">Weiterlesen<\/a><\/p>\n","protected":false},"author":1,"featured_media":0,"comment_status":"closed","ping_status":"closed","sticky":false,"template":"","format":"standard","meta":{"footnotes":""},"categories":[5],"tags":[],"class_list":["post-148","post","type-post","status-publish","format-standard","hentry","category-pressemitteilungen"],"_links":{"self":[{"href":"http:\/\/www.spd-henrichenburg.de\/index.php?rest_route=\/wp\/v2\/posts\/148","targetHints":{"allow":["GET"]}}],"collection":[{"href":"http:\/\/www.spd-henrichenburg.de\/index.php?rest_route=\/wp\/v2\/posts"}],"about":[{"href":"http:\/\/www.spd-henrichenburg.de\/index.php?rest_route=\/wp\/v2\/types\/post"}],"author":[{"embeddable":true,"href":"http:\/\/www.spd-henrichenburg.de\/index.php?rest_route=\/wp\/v2\/users\/1"}],"replies":[{"embeddable":true,"href":"http:\/\/www.spd-henrichenburg.de\/index.php?rest_route=%2Fwp%2Fv2%2Fcomments&post=148"}],"version-history":[{"count":0,"href":"http:\/\/www.spd-henrichenburg.de\/index.php?rest_route=\/wp\/v2\/posts\/148\/revisions"}],"wp:attachment":[{"href":"http:\/\/www.spd-henrichenburg.de\/index.php?rest_route=%2Fwp%2Fv2%2Fmedia&parent=148"}],"wp:term":[{"taxonomy":"category","embeddable":true,"href":"http:\/\/www.spd-henrichenburg.de\/index.php?rest_route=%2Fwp%2Fv2%2Fcategories&post=148"},{"taxonomy":"post_tag","embeddable":true,"href":"http:\/\/www.spd-henrichenburg.de\/index.php?rest_route=%2Fwp%2Fv2%2Ftags&post=148"}],"curies":[{"name":"wp","href":"https:\/\/api.w.org\/{rel}","templated":true}]}}