{"id":143,"date":"2015-08-12T19:10:33","date_gmt":"2015-08-12T17:10:33","guid":{"rendered":"http:\/\/www.spd-henrichenburg.de\/?p=143"},"modified":"2015-08-12T19:10:33","modified_gmt":"2015-08-12T17:10:33","slug":"becklem-bei-kanalerweiterung-durch-behelfsbruecke-weiter-fuer-fussgaenger-und-radfahrer-angebunden","status":"publish","type":"post","link":"http:\/\/www.spd-henrichenburg.de\/?p=143","title":{"rendered":"Becklem bei Kanalerweiterung durch Behelfsbr\u00fccke weiter f\u00fcr Fu\u00dfg\u00e4nger und Radfahrer angebunden"},"content":{"rendered":"<div style=\"text-align: justify;\"><strong>Wichtige Anregungen von B\u00fcrgern bei der Veranstaltung \u201eReden wir \u00fcber Henrichenburg und Becklem&#8220;<\/strong><\/p>\n<p><img loading=\"lazy\" decoding=\"async\" style=\"margin: 8px; float: left;\" alt=\"reden.wir.ueber.henrichenburg.nachbetrachtung.1\" src=\"images\/stories\/reden.wir.ueber.henrichenburg.nachbetrachtung.1.jpg\" height=\"169\" width=\"300\" \/>SPD-B\u00fcrgermeisterkandidat Rajko Kravanja konnte im Rahmen der B\u00fcrgerversammlung \u201eReden wir \u00fcber Henrichburg und Becklem&#8220; am Montagabend eine gute Nachricht bekanntgeben: \u201eEs wird eine Behelfsbr\u00fccke f\u00fcr Fu\u00dfg\u00e4nger und Radfahrer w\u00e4hrend der Bauphase der Kanalverbreitung auf der Lambertstra\u00dfe geben&#8220;, so Kravanja. Dies wurde schon seit L\u00e4ngerem von der SPD vor Ort gefordert und jetzt aktuell in einem Gespr\u00e4ch mit dem Wasserstra\u00dfen-Neubauamt best\u00e4tigt. \u201eDas ist eine gute Nachricht f\u00fcr die Henrichenburger und vor allem die Becklemer, die so keine weiten Umwege in Kauf nehmen m\u00fcssen und weiterhin eine fu\u00dfl\u00e4ufige Verbindung ins Dorf haben&#8220;, freut sich Rajko Kravanja. In dem Zusammenhang wurde von anwesenden B\u00fcrgern angeregt, bei der neuen Br\u00fccke einen kombinierten Fu\u00df- und Radweg einzuplanen, der barrierefrei ist. Ein weiterer Vorschlag war, dass die ausgehobenen Bodenmassen m\u00f6glichst \u00fcber den Wasserweg abtransportiert werden. \u201eDiese wichtigen und guten Anregungen haben wir mitgenommen und werden sie nun pr\u00fcfen lassen&#8220;, erkl\u00e4rt Kravanja.<br \/>Beginn der Bauarbeiten wird 2018 sein. Eine Informationsveranstaltung ist f\u00fcr Ende des Jahres oder Anfang 2016 geplant.<\/p>\n<p>Weiteres Thema war der Neubau des AWO-Kindergartens an der Hedwig-Kiesekamp-Stra\u00dfe. Hier wurden in e<img loading=\"lazy\" decoding=\"async\" style=\"margin: 8px; float: right;\" alt=\"reden.wir.ueber.henrichenburg.nachbetrachtung.2\" src=\"images\/stories\/reden.wir.ueber.henrichenburg.nachbetrachtung.2.jpg\" height=\"169\" width=\"300\" \/>iner sehr sachlichen Diskussion die unterschiedlichen Argumente und Sichtweisen ausgetauscht. Die meisten Teilnehmer waren sich einig, dass ein Neubau des Kindergartens erforderlich ist und der geplante Standort daf\u00fcr geeignet ist. Es wurde aber auch darauf hingewiesen, dass ein w\u00fcrdevoller Umgang mit der Fl\u00e4che des alten Friedhofs wichtig ist. \u201eIch werde den Wunsch einiger Henrichenburger nach einem zeremoniellen Abschied an die Verantwortlichen weiterleiten und eine Gedenktafel im neuen Geb\u00e4ude anregen. Die Fl\u00e4che neu zu nutzen und gleichzeitig dem Gedenken zu entsprechen, kann man vereinen&#8220;, zeigte sich Kravanja \u00fcberzeugt.<\/p>\n<p>Sehr positiv wurde die eventuelle Bewerbung um die Ausrichtung der Landesgartenschau im Jahr 2020 diskutiert. Insbesondere der Bau einer Fahrradbr\u00fccke, die \u00fcber die Emscher und den Kanal f\u00fchren soll und der gl\u00e4serne Schacht wurde als Aufwertung des Ortsteils begr\u00fc\u00dft.<\/p><\/div>\n<p style=\"text-align: justify;\">\u00a0<\/p>\n","protected":false},"excerpt":{"rendered":"<p>Wichtige Anregungen von B\u00fcrgern bei der Veranstaltung \u201eReden wir \u00fcber Henrichenburg und Becklem&#8220; SPD-B\u00fcrgermeisterkandidat Rajko Kravanja konnte im Rahmen der B\u00fcrgerversammlung \u201eReden wir \u00fcber Henrichburg und Becklem&#8220; am Montagabend eine gute Nachricht bekanntgeben: \u201eEs wird eine Behelfsbr\u00fccke f\u00fcr Fu\u00dfg\u00e4nger und Radfahrer w\u00e4hrend der Bauphase der Kanalverbreitung auf der Lambertstra\u00dfe geben&#8220;, so Kravanja. Dies wurde schon &#8230; <a title=\"Becklem bei Kanalerweiterung durch Behelfsbr\u00fccke weiter f\u00fcr Fu\u00dfg\u00e4nger und Radfahrer angebunden\" class=\"read-more\" href=\"http:\/\/www.spd-henrichenburg.de\/?p=143\" aria-label=\"Mehr Informationen \u00fcber Becklem bei Kanalerweiterung durch Behelfsbr\u00fccke weiter f\u00fcr Fu\u00dfg\u00e4nger und Radfahrer angebunden\">Weiterlesen<\/a><\/p>\n","protected":false},"author":1,"featured_media":0,"comment_status":"closed","ping_status":"closed","sticky":false,"template":"","format":"standard","meta":{"footnotes":""},"categories":[5],"tags":[],"class_list":["post-143","post","type-post","status-publish","format-standard","hentry","category-pressemitteilungen"],"_links":{"self":[{"href":"http:\/\/www.spd-henrichenburg.de\/index.php?rest_route=\/wp\/v2\/posts\/143","targetHints":{"allow":["GET"]}}],"collection":[{"href":"http:\/\/www.spd-henrichenburg.de\/index.php?rest_route=\/wp\/v2\/posts"}],"about":[{"href":"http:\/\/www.spd-henrichenburg.de\/index.php?rest_route=\/wp\/v2\/types\/post"}],"author":[{"embeddable":true,"href":"http:\/\/www.spd-henrichenburg.de\/index.php?rest_route=\/wp\/v2\/users\/1"}],"replies":[{"embeddable":true,"href":"http:\/\/www.spd-henrichenburg.de\/index.php?rest_route=%2Fwp%2Fv2%2Fcomments&post=143"}],"version-history":[{"count":0,"href":"http:\/\/www.spd-henrichenburg.de\/index.php?rest_route=\/wp\/v2\/posts\/143\/revisions"}],"wp:attachment":[{"href":"http:\/\/www.spd-henrichenburg.de\/index.php?rest_route=%2Fwp%2Fv2%2Fmedia&parent=143"}],"wp:term":[{"taxonomy":"category","embeddable":true,"href":"http:\/\/www.spd-henrichenburg.de\/index.php?rest_route=%2Fwp%2Fv2%2Fcategories&post=143"},{"taxonomy":"post_tag","embeddable":true,"href":"http:\/\/www.spd-henrichenburg.de\/index.php?rest_route=%2Fwp%2Fv2%2Ftags&post=143"}],"curies":[{"name":"wp","href":"https:\/\/api.w.org\/{rel}","templated":true}]}}