{"id":141,"date":"2015-05-08T15:30:08","date_gmt":"2015-05-08T13:30:08","guid":{"rendered":"http:\/\/www.spd-henrichenburg.de\/?p=141"},"modified":"2015-05-08T15:30:08","modified_gmt":"2015-05-08T13:30:08","slug":"neue-kanalbruecke-auf-der-lambertstrasse-geplant-spd-henrichenburg-draengt-auf-uebergangsloesung","status":"publish","type":"post","link":"http:\/\/www.spd-henrichenburg.de\/?p=141","title":{"rendered":"Neue Kanalbr\u00fccke auf der Lambertstra\u00dfe geplant \u2013 SPD Henrichenburg dr\u00e4ngt auf \u00dcbergangsl\u00f6sung"},"content":{"rendered":"<div style=\"text-align: justify;\"><img decoding=\"async\" style=\"margin: 8px; float: right;\" alt=\"cas.on.tour.becklem.1\" src=\"images\/stories\/cas.on.tour.becklem.1.jpg\" height=\"NaN\" width=\"300\" \/>Die Henrichenburger SPD dr\u00e4ngt darauf, dass es w\u00e4hrend der Bauphase der neuen Kanalbr\u00fccke auf der Lambertstra\u00dfe eine \u00dcbergangsl\u00f6sung geben muss. Hintergrund ist, dass der Rhein-Herne-Kanal verbreitert wird und somit ein Neubau der sogenannten \u201eBecklemer Br\u00fccke&#8220; auf der Lambertstra\u00dfe notwendig wird. In dieser Zeit ist ein Queren des Kanals an dieser Stelle nicht m\u00f6glich. Die SPD fordert deshalb eine Querungsm\u00f6glichkeit zumindest f\u00fcr Fu\u00dfg\u00e4nger und Radfahrer. \u201eDie Br\u00fccke stellt f\u00fcr die Becklemer die einzige fu\u00dfl\u00e4ufige Verbindung nach Henrichenburg dar. Weite Umwege \u00fcber die Wartburgstra\u00dfe oder die B235 sind zumindest f\u00fcr Fu\u00dfg\u00e4nger und Radfahrer nicht hinnehmbar. Deshalb fordern wir eine Behelfsbr\u00fccke f\u00fcr die Bauzeit&#8220;, so Marcus Pelzing, Vorsitzender des SPD-Ortsvereins Henrichenburg. Die Br\u00fccke wird von vielen Fu\u00dfg\u00e4ngern genutzt, sei es um Eink\u00e4ufe zu erledigen oder insbesondere f\u00fcr die Sch\u00fclerinnen und Sch\u00fcler eine Busverbindung zu erreichen.<br \/>Diese Forderung gegen\u00fcber dem Wasserstra\u00dfen-Neubauamt Datteln hatte der Bauausschuss bereits auf Initiative der Henrichenburger SPD im Dezember 2013 einstimmig beschlossen. \u201eNach unseren Informationen soll im Herbst die B\u00fcrgerbeteiligung beginnen und die Planungen vorgestellt werden. Wir gehen davon aus, dass dabei dann eine \u00dcbergangsl\u00f6sung pr\u00e4sentiert wird&#8220;, so Marcus Pelzing. Die Henrichenburger SPD werde sich in dem Planungsprozess weiterhin daf\u00fcr einsetzen.<\/div>\n<p>\u00a0<\/p>\n","protected":false},"excerpt":{"rendered":"<p>Die Henrichenburger SPD dr\u00e4ngt darauf, dass es w\u00e4hrend der Bauphase der neuen Kanalbr\u00fccke auf der Lambertstra\u00dfe eine \u00dcbergangsl\u00f6sung geben muss. Hintergrund ist, dass der Rhein-Herne-Kanal verbreitert wird und somit ein Neubau der sogenannten \u201eBecklemer Br\u00fccke&#8220; auf der Lambertstra\u00dfe notwendig wird. In dieser Zeit ist ein Queren des Kanals an dieser Stelle nicht m\u00f6glich. Die SPD &#8230; <a title=\"Neue Kanalbr\u00fccke auf der Lambertstra\u00dfe geplant \u2013 SPD Henrichenburg dr\u00e4ngt auf \u00dcbergangsl\u00f6sung\" class=\"read-more\" href=\"http:\/\/www.spd-henrichenburg.de\/?p=141\" aria-label=\"Mehr Informationen \u00fcber Neue Kanalbr\u00fccke auf der Lambertstra\u00dfe geplant \u2013 SPD Henrichenburg dr\u00e4ngt auf \u00dcbergangsl\u00f6sung\">Weiterlesen<\/a><\/p>\n","protected":false},"author":1,"featured_media":0,"comment_status":"closed","ping_status":"closed","sticky":false,"template":"","format":"standard","meta":{"footnotes":""},"categories":[5],"tags":[],"class_list":["post-141","post","type-post","status-publish","format-standard","hentry","category-pressemitteilungen"],"_links":{"self":[{"href":"http:\/\/www.spd-henrichenburg.de\/index.php?rest_route=\/wp\/v2\/posts\/141","targetHints":{"allow":["GET"]}}],"collection":[{"href":"http:\/\/www.spd-henrichenburg.de\/index.php?rest_route=\/wp\/v2\/posts"}],"about":[{"href":"http:\/\/www.spd-henrichenburg.de\/index.php?rest_route=\/wp\/v2\/types\/post"}],"author":[{"embeddable":true,"href":"http:\/\/www.spd-henrichenburg.de\/index.php?rest_route=\/wp\/v2\/users\/1"}],"replies":[{"embeddable":true,"href":"http:\/\/www.spd-henrichenburg.de\/index.php?rest_route=%2Fwp%2Fv2%2Fcomments&post=141"}],"version-history":[{"count":0,"href":"http:\/\/www.spd-henrichenburg.de\/index.php?rest_route=\/wp\/v2\/posts\/141\/revisions"}],"wp:attachment":[{"href":"http:\/\/www.spd-henrichenburg.de\/index.php?rest_route=%2Fwp%2Fv2%2Fmedia&parent=141"}],"wp:term":[{"taxonomy":"category","embeddable":true,"href":"http:\/\/www.spd-henrichenburg.de\/index.php?rest_route=%2Fwp%2Fv2%2Fcategories&post=141"},{"taxonomy":"post_tag","embeddable":true,"href":"http:\/\/www.spd-henrichenburg.de\/index.php?rest_route=%2Fwp%2Fv2%2Ftags&post=141"}],"curies":[{"name":"wp","href":"https:\/\/api.w.org\/{rel}","templated":true}]}}