{"id":135,"date":"2015-01-18T13:56:00","date_gmt":"2015-01-18T12:56:00","guid":{"rendered":"http:\/\/www.spd-henrichenburg.de\/?p=135"},"modified":"2015-01-18T13:56:00","modified_gmt":"2015-01-18T12:56:00","slug":"spd-ortsverein-henrichenburg-laedt-zur-jahreshauptversammlung-neuer-vorstand-wird-gewaehlt","status":"publish","type":"post","link":"http:\/\/www.spd-henrichenburg.de\/?p=135","title":{"rendered":"SPD-Ortsverein Henrichenburg l\u00e4dt zur Jahreshauptversammlung \u2013 Neuer Vorstand wird gew\u00e4hlt"},"content":{"rendered":"<div style=\"text-align: justify;\"><img loading=\"lazy\" decoding=\"async\" style=\"margin: 8px; float: left;\" alt=\"portraitfoto.britta.schewe\" src=\"images\/stories\/portraitfoto.britta.schewe.jpg\" height=\"150\" width=\"200\" \/><span style=\"font-size: 12pt;\">Der SPD-Ortsverein Henrichenburg l\u00e4dt am Freitag, den 23. Januar 2015, ab 19:30 Uhr zur Jahreshauptversammlung in die Gastst\u00e4tte Posten 17, Beckumer Stra\u00dfe 33. In der Sitzung wird ein neuer Vorstand gew\u00e4hlt. Britta Schewe, die seit sechs Jahren dem Ortsverein vorsteht, wird aus beruflichen Gr\u00fcnden nicht mehr als Vorsitzende kandidieren. \u201eMir hat es gro\u00dfen Spa\u00df gemacht, Henrichenburg in den letzten Jahren voranzubringen und eine Vielzahl an B\u00fcrgern aus dem Ortsteil kennenzulernen. Dabei konnte ich viele Anregungen aufnehmen und einige Male helfen. Nat\u00fcrlich stehe ich auch weiterhin als Ansprechpartnerin f\u00fcr Henrichenburg und Becklem zur Verf\u00fcgung und werde auch weiter im Vorstand des SPD-Ortsvereins mitarbeiten&#8220;, so Britta Schewe. F\u00fcr die Vorstandswahlen werden Kandidaturen von sowohl alt bekannten als auch neuen Gesichtern erwartet.<\/span><\/div>\n<div style=\"text-align: justify;\"><\/div>\n","protected":false},"excerpt":{"rendered":"<p>Der SPD-Ortsverein Henrichenburg l\u00e4dt am Freitag, den 23. Januar 2015, ab 19:30 Uhr zur Jahreshauptversammlung in die Gastst\u00e4tte Posten 17, Beckumer Stra\u00dfe 33. In der Sitzung wird ein neuer Vorstand gew\u00e4hlt. Britta Schewe, die seit sechs Jahren dem Ortsverein vorsteht, wird aus beruflichen Gr\u00fcnden nicht mehr als Vorsitzende kandidieren. \u201eMir hat es gro\u00dfen Spa\u00df gemacht, &#8230; <a title=\"SPD-Ortsverein Henrichenburg l\u00e4dt zur Jahreshauptversammlung \u2013 Neuer Vorstand wird gew\u00e4hlt\" class=\"read-more\" href=\"http:\/\/www.spd-henrichenburg.de\/?p=135\" aria-label=\"Mehr Informationen \u00fcber SPD-Ortsverein Henrichenburg l\u00e4dt zur Jahreshauptversammlung \u2013 Neuer Vorstand wird gew\u00e4hlt\">Weiterlesen<\/a><\/p>\n","protected":false},"author":1,"featured_media":0,"comment_status":"closed","ping_status":"closed","sticky":false,"template":"","format":"standard","meta":{"footnotes":""},"categories":[5],"tags":[],"class_list":["post-135","post","type-post","status-publish","format-standard","hentry","category-pressemitteilungen"],"_links":{"self":[{"href":"http:\/\/www.spd-henrichenburg.de\/index.php?rest_route=\/wp\/v2\/posts\/135","targetHints":{"allow":["GET"]}}],"collection":[{"href":"http:\/\/www.spd-henrichenburg.de\/index.php?rest_route=\/wp\/v2\/posts"}],"about":[{"href":"http:\/\/www.spd-henrichenburg.de\/index.php?rest_route=\/wp\/v2\/types\/post"}],"author":[{"embeddable":true,"href":"http:\/\/www.spd-henrichenburg.de\/index.php?rest_route=\/wp\/v2\/users\/1"}],"replies":[{"embeddable":true,"href":"http:\/\/www.spd-henrichenburg.de\/index.php?rest_route=%2Fwp%2Fv2%2Fcomments&post=135"}],"version-history":[{"count":0,"href":"http:\/\/www.spd-henrichenburg.de\/index.php?rest_route=\/wp\/v2\/posts\/135\/revisions"}],"wp:attachment":[{"href":"http:\/\/www.spd-henrichenburg.de\/index.php?rest_route=%2Fwp%2Fv2%2Fmedia&parent=135"}],"wp:term":[{"taxonomy":"category","embeddable":true,"href":"http:\/\/www.spd-henrichenburg.de\/index.php?rest_route=%2Fwp%2Fv2%2Fcategories&post=135"},{"taxonomy":"post_tag","embeddable":true,"href":"http:\/\/www.spd-henrichenburg.de\/index.php?rest_route=%2Fwp%2Fv2%2Ftags&post=135"}],"curies":[{"name":"wp","href":"https:\/\/api.w.org\/{rel}","templated":true}]}}