{"id":124,"date":"2014-02-10T17:12:20","date_gmt":"2014-02-10T16:12:20","guid":{"rendered":"http:\/\/www.spd-henrichenburg.de\/?p=124"},"modified":"2014-02-10T17:12:20","modified_gmt":"2014-02-10T16:12:20","slug":"landrat-cay-sueberkrueb-zu-gast-im-spd-ortsverein-henrichenburg","status":"publish","type":"post","link":"http:\/\/www.spd-henrichenburg.de\/?p=124","title":{"rendered":"Landrat Cay S\u00fcberkr\u00fcb zu Gast im SPD-Ortsverein Henrichenburg"},"content":{"rendered":"<div style=\"text-align: justify;\"><img loading=\"lazy\" decoding=\"async\" style=\"margin: 8px; float: left;\" alt=\"sueberkrueb\" src=\"images\/stories\/sueberkrueb.jpg\" height=\"169\" width=\"150\" \/><\/div>\n<div style=\"text-align: justify;\"><\/div>\n<div style=\"text-align: justify;\"><\/div>\n<div style=\"text-align: justify;\">Die Henrichenburger SPD l\u00e4dt alle interessierten B\u00fcrgerinnen und B\u00fcrger zu einer offener Diskussionsrunde mit dem Landrat des Kreises Recklinghausen Cay S\u00fcberkr\u00fcb ein. Im Rahmen der Jahreshauptversammlung wird S\u00fcberkr\u00fcb am Freitag, 14. Februar 2014, ab 19:30 Uhr in der Gastst\u00e4tte Zum Lambertus, Beckumer Str. 33, zum Thema \u201ePerspektiven des Kreises Recklinghausen 2014-2020&#8243; referieren. Im Anschluss steht er und das Henrichenburger Kreistagsmitglied Lisa Kapteinat f\u00fcr Fragen und Anregungen zur Verf\u00fcgung.<\/div>\n","protected":false},"excerpt":{"rendered":"<p>Die Henrichenburger SPD l\u00e4dt alle interessierten B\u00fcrgerinnen und B\u00fcrger zu einer offener Diskussionsrunde mit dem Landrat des Kreises Recklinghausen Cay S\u00fcberkr\u00fcb ein. Im Rahmen der Jahreshauptversammlung wird S\u00fcberkr\u00fcb am Freitag, 14. Februar 2014, ab 19:30 Uhr in der Gastst\u00e4tte Zum Lambertus, Beckumer Str. 33, zum Thema \u201ePerspektiven des Kreises Recklinghausen 2014-2020&#8243; referieren. Im Anschluss steht &#8230; <a title=\"Landrat Cay S\u00fcberkr\u00fcb zu Gast im SPD-Ortsverein Henrichenburg\" class=\"read-more\" href=\"http:\/\/www.spd-henrichenburg.de\/?p=124\" aria-label=\"Mehr Informationen \u00fcber Landrat Cay S\u00fcberkr\u00fcb zu Gast im SPD-Ortsverein Henrichenburg\">Weiterlesen<\/a><\/p>\n","protected":false},"author":1,"featured_media":0,"comment_status":"closed","ping_status":"closed","sticky":false,"template":"","format":"standard","meta":{"footnotes":""},"categories":[5],"tags":[],"class_list":["post-124","post","type-post","status-publish","format-standard","hentry","category-pressemitteilungen"],"_links":{"self":[{"href":"http:\/\/www.spd-henrichenburg.de\/index.php?rest_route=\/wp\/v2\/posts\/124","targetHints":{"allow":["GET"]}}],"collection":[{"href":"http:\/\/www.spd-henrichenburg.de\/index.php?rest_route=\/wp\/v2\/posts"}],"about":[{"href":"http:\/\/www.spd-henrichenburg.de\/index.php?rest_route=\/wp\/v2\/types\/post"}],"author":[{"embeddable":true,"href":"http:\/\/www.spd-henrichenburg.de\/index.php?rest_route=\/wp\/v2\/users\/1"}],"replies":[{"embeddable":true,"href":"http:\/\/www.spd-henrichenburg.de\/index.php?rest_route=%2Fwp%2Fv2%2Fcomments&post=124"}],"version-history":[{"count":0,"href":"http:\/\/www.spd-henrichenburg.de\/index.php?rest_route=\/wp\/v2\/posts\/124\/revisions"}],"wp:attachment":[{"href":"http:\/\/www.spd-henrichenburg.de\/index.php?rest_route=%2Fwp%2Fv2%2Fmedia&parent=124"}],"wp:term":[{"taxonomy":"category","embeddable":true,"href":"http:\/\/www.spd-henrichenburg.de\/index.php?rest_route=%2Fwp%2Fv2%2Fcategories&post=124"},{"taxonomy":"post_tag","embeddable":true,"href":"http:\/\/www.spd-henrichenburg.de\/index.php?rest_route=%2Fwp%2Fv2%2Ftags&post=124"}],"curies":[{"name":"wp","href":"https:\/\/api.w.org\/{rel}","templated":true}]}}