{"id":119,"date":"2013-10-21T18:39:00","date_gmt":"2013-10-21T16:39:00","guid":{"rendered":"http:\/\/www.spd-henrichenburg.de\/?p=119"},"modified":"2013-10-21T18:39:00","modified_gmt":"2013-10-21T16:39:00","slug":"spd-cas-on-tour-in-becklem-kanalerweiterung-und-windrad-grosse-themen-fuer-die-zukunft","status":"publish","type":"post","link":"http:\/\/www.spd-henrichenburg.de\/?p=119","title":{"rendered":"SPD \u201eCAS on Tour\u201c in Becklem: Kanalerweiterung und Windrad gro\u00dfe Themen f\u00fcr die Zukunft"},"content":{"rendered":"<p style=\"text-align: justify;\"><img decoding=\"async\" style=\"margin: 8px; float: right;\" alt=\"cas.on.tour.becklem.1\" src=\"images\/stories\/cas.on.tour.becklem.1.jpg\" height=\"NaN\" width=\"400\" \/>Kanalerweiterung, barrierefreies Wohnen und eine Windkraftanlage, in Becklem wird sich in den n\u00e4chsten Jahren einiges tun. Aus diesem Grunde lud die SPD interessierte B\u00fcrger zu einer Ortsbegehung ein. Gut 40 B\u00fcrgerinnen und B\u00fcrger schlossen sich dieser Einladung an. Los ging es an der Br\u00fccke Lambertstra\u00dfe. Unter der fachkundigen Erl\u00e4uterung des Technischen Beigeordneten Heiko Dobrindt wurde der Ausbau des Kanales dargestellt. Thematisiert wurde dabei auch, ob es im Zuge der Kanalerweiterung zu einer breiteren, zweispurigen Br\u00fccke zwischen Henrichenburg und Becklem kommt. \u201eWas sich aber abzeichnet ist eine h\u00f6here Tragf\u00e4higkeit der Br\u00fccke&#8220;, sagte Rajko Kravanja mit Blick auf den dann m\u00f6glichen Busverkehr \u00fcber die Br\u00fccke. Hier wird die SPD durch einen Antrag an den Rat eine fr\u00fchzeitige B\u00fcrgerversammlung einfordern. Dar\u00fcber hinaus machen die Sozialdemokraten deutlich, wie wichtig eine Behelfsbr\u00fccke f\u00fcr Fu\u00dfg\u00e4nger und Radfahrer w\u00e4hrend der Bauphase ist, da es sich bei der Lambertstra\u00dfe um die einzige fu\u00dfl\u00e4ufig zu erreichende Verbindung zwischen Henrichenburg und Becklem handelt.<\/p>\n<p style=\"text-align: justify;\"><img decoding=\"async\" style=\"margin: 8px; float: left;\" alt=\"cas.on.tour.becklem.2\" src=\"images\/stories\/cas.on.tour.becklem.2.jpg\" height=\"NaN\" width=\"400\" \/>Weiter ging es dann zur Ecke Becklemer Stra\u00dfe\/Suderwicher Stra\u00dfe. Dort pr\u00e4sentierte der Investor und Becklemer Ralph Potthoff-Kowol die Baupl\u00e4ne f\u00fcr sein Konzept des barrierearmen Wohnens an der Becklemer Stra\u00dfe. Den zuk\u00fcnftigen Bewohnern soll Wohnen im Gr\u00fcnen in gewohnter Umgebung erm\u00f6glicht werden, ohne dass diese dabei die Aufgaben, die Eigentum mit sich bringt, schultern m\u00fcssen. Wie der Investor mitteilte, gibt es bereits eine gut gef\u00fcllte Warteliste mit Interessenten f\u00fcr die Wohnungen.<\/p>\n<p style=\"text-align: justify;\">Der n\u00e4chste Zwischenstopp stand auf der Beckumer Stra\u00dfe an den Bahngleisen an. Dort wurde erneut die L\u00e4rmbel\u00e4stigung durch vorbeifahrende Z\u00fcge thematisiert. Thorsten Werth-von Kampen kl\u00e4rte \u00fcber den aktuellen Stand und das weitere Vorgehen auf. Hier liegt der Ball zurzeit beim Bund, der \u00fcber weitere Ma\u00dfnahmen anhand eines Priorit\u00e4tenkataloges entscheidet.<\/p>\n<p style=\"text-align: justify;\">Anschlie\u00dfend ging es \u00fcber Feldwege in den \u00e4u\u00dfersten Norden von Becklem, wo eine neue Windkraftanlage entstehen soll. Werner Wiesmann stellte stellvertretend f\u00fcr die Investorengemeinschaft den genauen Standort des Windrades vor und kl\u00e4rte \u00fcber zahlreiche gesetzliche Bestimmungen und die erforderlichen Gutachten auf, die notwendig sind, bevor eine Windkraftanlage genehmigt wird. Die Direktkandidatin der SPD f\u00fcr Becklem, Daniela Rotte, legt Wert darauf, dass auch in Zukunft die B\u00fcrgerinnen und B\u00fcrger in Henrichenburg und Becklem eng an s\u00e4mtlichen Entscheidungen beteiligt werden.<\/p>\n<p>Weiter geht es mit \u201eCAS on Tour&#8220; am 02.11.2013, diesmal in Henrichenburg.<\/p>\n","protected":false},"excerpt":{"rendered":"<p>Kanalerweiterung, barrierefreies Wohnen und eine Windkraftanlage, in Becklem wird sich in den n\u00e4chsten Jahren einiges tun. Aus diesem Grunde lud die SPD interessierte B\u00fcrger zu einer Ortsbegehung ein. Gut 40 B\u00fcrgerinnen und B\u00fcrger schlossen sich dieser Einladung an. Los ging es an der Br\u00fccke Lambertstra\u00dfe. Unter der fachkundigen Erl\u00e4uterung des Technischen Beigeordneten Heiko Dobrindt wurde &#8230; <a title=\"SPD \u201eCAS on Tour\u201c in Becklem: Kanalerweiterung und Windrad gro\u00dfe Themen f\u00fcr die Zukunft\" class=\"read-more\" href=\"http:\/\/www.spd-henrichenburg.de\/?p=119\" aria-label=\"Mehr Informationen \u00fcber SPD \u201eCAS on Tour\u201c in Becklem: Kanalerweiterung und Windrad gro\u00dfe Themen f\u00fcr die Zukunft\">Weiterlesen<\/a><\/p>\n","protected":false},"author":1,"featured_media":0,"comment_status":"closed","ping_status":"closed","sticky":false,"template":"","format":"standard","meta":{"footnotes":""},"categories":[5],"tags":[],"class_list":["post-119","post","type-post","status-publish","format-standard","hentry","category-pressemitteilungen"],"_links":{"self":[{"href":"http:\/\/www.spd-henrichenburg.de\/index.php?rest_route=\/wp\/v2\/posts\/119","targetHints":{"allow":["GET"]}}],"collection":[{"href":"http:\/\/www.spd-henrichenburg.de\/index.php?rest_route=\/wp\/v2\/posts"}],"about":[{"href":"http:\/\/www.spd-henrichenburg.de\/index.php?rest_route=\/wp\/v2\/types\/post"}],"author":[{"embeddable":true,"href":"http:\/\/www.spd-henrichenburg.de\/index.php?rest_route=\/wp\/v2\/users\/1"}],"replies":[{"embeddable":true,"href":"http:\/\/www.spd-henrichenburg.de\/index.php?rest_route=%2Fwp%2Fv2%2Fcomments&post=119"}],"version-history":[{"count":0,"href":"http:\/\/www.spd-henrichenburg.de\/index.php?rest_route=\/wp\/v2\/posts\/119\/revisions"}],"wp:attachment":[{"href":"http:\/\/www.spd-henrichenburg.de\/index.php?rest_route=%2Fwp%2Fv2%2Fmedia&parent=119"}],"wp:term":[{"taxonomy":"category","embeddable":true,"href":"http:\/\/www.spd-henrichenburg.de\/index.php?rest_route=%2Fwp%2Fv2%2Fcategories&post=119"},{"taxonomy":"post_tag","embeddable":true,"href":"http:\/\/www.spd-henrichenburg.de\/index.php?rest_route=%2Fwp%2Fv2%2Ftags&post=119"}],"curies":[{"name":"wp","href":"https:\/\/api.w.org\/{rel}","templated":true}]}}