{"id":107,"date":"2012-12-04T10:39:21","date_gmt":"2012-12-04T09:39:21","guid":{"rendered":"http:\/\/www.spd-henrichenburg.de\/?p=107"},"modified":"2012-12-04T10:39:21","modified_gmt":"2012-12-04T09:39:21","slug":"henrichenburger-spd-sieht-nach-radtour-klaerungsbedarf-bei-den-strassenlaternen","status":"publish","type":"post","link":"http:\/\/www.spd-henrichenburg.de\/?p=107","title":{"rendered":"Henrichenburger SPD sieht nach Radtour Kl\u00e4rungsbedarf bei den Stra\u00dfenlaternen"},"content":{"rendered":"<div style=\"text-align: justify;\">Die Henrichenburger SPD hat sich im Rahmen einer Radtour alle Stra\u00dfenlaternen in Henrichenburg und Becklem angeschaut, die zur\u00fcckgebaut werden sollen. Besonders Becklemer B\u00fcrger zeigten Interesse an diesem sensiblen und emotionalen Thema. Die Tour wurde nun von den Sozialdemokraten dokumentiert und im Rahmen einer Klausurtagung evaluiert. Dabei wurde deutlich, was der R\u00fcckbau tats\u00e4chlich im Einzelnen bedeutet. <br \/>Hierbei sind einige Fragen aufgeworfen worden, was zum Beispiel die Ma\u00dfst\u00e4be f\u00fcr die Vorschl\u00e4ge zum R\u00fcckbau betriff. \u201eHier sehen wir noch Kl\u00e4rungsbedarf&#8220;, so Britta Schewe, Vorsitzende des SPD-Ortsvereins Henrichenburg. So seien vor allem die Au\u00dfen- und Randbereiche besonders betroffen, die zum Teil v\u00f6llig abgeschaltet werden sollen. Stattdessen sollte \u00fcberlegt werden, ob nicht eine Ausd\u00fcnnung in der Fl\u00e4che m\u00f6glich w\u00e4re. Zudem wurden zum Beispiel Schulwege sowie Fu\u00dfg\u00e4nger- und Radwege nicht ber\u00fccksichtigt. \u201eF\u00fcr uns hat der Ma\u00dfstab der Verkehrssicherheit h\u00f6chste Priorit\u00e4t. Wir werden uns konstruktiv mit konkreten Vorschl\u00e4gen in den weiteren Beratungsprozess einbringen&#8220;, so Schewe weiter. In einem n\u00e4chsten Schritt sollen alle offenen Fragen gekl\u00e4rt und Alternativvorschl\u00e4ge gepr\u00fcft werden. Vorschl\u00e4ge und Anregungen von B\u00fcrgern sind dabei herzlich willkommen.<\/div>\n","protected":false},"excerpt":{"rendered":"<p>Die Henrichenburger SPD hat sich im Rahmen einer Radtour alle Stra\u00dfenlaternen in Henrichenburg und Becklem angeschaut, die zur\u00fcckgebaut werden sollen. Besonders Becklemer B\u00fcrger zeigten Interesse an diesem sensiblen und emotionalen Thema. Die Tour wurde nun von den Sozialdemokraten dokumentiert und im Rahmen einer Klausurtagung evaluiert. Dabei wurde deutlich, was der R\u00fcckbau tats\u00e4chlich im Einzelnen bedeutet. &#8230; <a title=\"Henrichenburger SPD sieht nach Radtour Kl\u00e4rungsbedarf bei den Stra\u00dfenlaternen\" class=\"read-more\" href=\"http:\/\/www.spd-henrichenburg.de\/?p=107\" aria-label=\"Mehr Informationen \u00fcber Henrichenburger SPD sieht nach Radtour Kl\u00e4rungsbedarf bei den Stra\u00dfenlaternen\">Weiterlesen<\/a><\/p>\n","protected":false},"author":1,"featured_media":0,"comment_status":"closed","ping_status":"closed","sticky":false,"template":"","format":"standard","meta":{"footnotes":""},"categories":[5],"tags":[],"class_list":["post-107","post","type-post","status-publish","format-standard","hentry","category-pressemitteilungen"],"_links":{"self":[{"href":"http:\/\/www.spd-henrichenburg.de\/index.php?rest_route=\/wp\/v2\/posts\/107","targetHints":{"allow":["GET"]}}],"collection":[{"href":"http:\/\/www.spd-henrichenburg.de\/index.php?rest_route=\/wp\/v2\/posts"}],"about":[{"href":"http:\/\/www.spd-henrichenburg.de\/index.php?rest_route=\/wp\/v2\/types\/post"}],"author":[{"embeddable":true,"href":"http:\/\/www.spd-henrichenburg.de\/index.php?rest_route=\/wp\/v2\/users\/1"}],"replies":[{"embeddable":true,"href":"http:\/\/www.spd-henrichenburg.de\/index.php?rest_route=%2Fwp%2Fv2%2Fcomments&post=107"}],"version-history":[{"count":0,"href":"http:\/\/www.spd-henrichenburg.de\/index.php?rest_route=\/wp\/v2\/posts\/107\/revisions"}],"wp:attachment":[{"href":"http:\/\/www.spd-henrichenburg.de\/index.php?rest_route=%2Fwp%2Fv2%2Fmedia&parent=107"}],"wp:term":[{"taxonomy":"category","embeddable":true,"href":"http:\/\/www.spd-henrichenburg.de\/index.php?rest_route=%2Fwp%2Fv2%2Fcategories&post=107"},{"taxonomy":"post_tag","embeddable":true,"href":"http:\/\/www.spd-henrichenburg.de\/index.php?rest_route=%2Fwp%2Fv2%2Ftags&post=107"}],"curies":[{"name":"wp","href":"https:\/\/api.w.org\/{rel}","templated":true}]}}