{"id":105,"date":"2012-11-04T15:51:15","date_gmt":"2012-11-04T14:51:15","guid":{"rendered":"http:\/\/www.spd-henrichenburg.de\/?p=105"},"modified":"2012-11-04T15:51:15","modified_gmt":"2012-11-04T14:51:15","slug":"henrichenburger-spd-laedt-zur-abendlichen-radtour-zum-geplanten-rueckbau-von-strassenlaternen","status":"publish","type":"post","link":"http:\/\/www.spd-henrichenburg.de\/?p=105","title":{"rendered":"Henrichenburger SPD l\u00e4dt zur abendlichen Radtour zum geplanten R\u00fcckbau von Stra\u00dfenlaternen"},"content":{"rendered":"<p>Die Henrichenburger SPD l\u00e4dt zu einer Radtour am Donnerstag, den 8. November, um 18 Uhr ein, bei der alle Stra\u00dfenabschnitte in Henrichenburg und Becklem angefahren werden, in denen ein R\u00fcckbau der Stra\u00dfenbeleuchtung vorgesehen ist. Wie berichtet gab es dazu Vorschl\u00e4ge der Fachhochschule Dortmund f\u00fcr das gesamte Stadtgebiet. \u201eWir wollen uns ein Bild davon machen, wo Stra\u00dfenlaternen aus finanziellen und \u00f6kologischen Aspekten nicht unbedingt notwendig sind und wo durch weniger Laternen eventuell Angstr\u00e4ume entstehen k\u00f6nnten&#8220;, so Britta Schewe, Vorsitzende der SPD Henrichenburg. Die Sozialdemokraten treffen sich an der Autobahnbr\u00fccke an der Hagenstra\u00dfe, um dann 28 Punkte anzufahren, zun\u00e4chst im \u00f6stlichen Teil Henrichenburgs, dann im westlichen Teil Henrichenburgs, dann entlang der B235 und schlie\u00dflich in Becklem. <\/p>\n<div>\n<table align=\"left\" border=\"0\">\n<tbody>\n<tr>\n<td><img loading=\"lazy\" decoding=\"async\" style=\"margin: 8px; vertical-align: middle;\" alt=\"routenplan straenbeleuchtung 1\" src=\"images\/stories\/routenplan straenbeleuchtung 1.jpg\" height=\"238\" width=\"400\" \/><\/td>\n<td>\n<p><img loading=\"lazy\" decoding=\"async\" style=\"margin: 8px; vertical-align: middle;\" alt=\"routenplan straenbeleuchtung 2\" src=\"images\/stories\/routenplan straenbeleuchtung 2.jpg\" height=\"266\" width=\"400\" \/><\/p>\n<\/td>\n<\/tr>\n<\/tbody>\n<\/table><\/div>\n<p>\u00a0<\/p>\n<p>\u00a0<\/p>\n<p>\u00a0<\/p>\n<p>\u00a0<\/p>\n<p>\u00a0<\/p>\n<p>\u00a0<\/p>\n<p>\u00a0<\/p>\n<p>\u00a0<\/p>\n<p>\u00a0<\/p>\n<p>\u00a0<\/p>\n<p>Kartenquelle: Stadt Castrop-Rauxel, modifiziert<\/p>\n<p>\u00a0<\/p>\n<table align=\"left\" border=\"0\">\n<tbody>\n<tr>\n<td valign=\"top\">1. Hagenstra\u00dfe<br \/>2. Am Herdicksbach<br \/>3. Buttwiese<br \/>4. Rottkamp<br \/>5. Kerstenkamp<br \/>6. Sch\u00f6ttelkamp<br \/>7. F\u00fcrstin-Christinen-Stra\u00dfe<br \/>8. Gevelskamp<br \/>9. In der St\u00fche<br \/>10. Sankt-Hubertus-Stra\u00dfe<br \/>11. Denrodtstra\u00dfe<br \/>12. Lambertstra\u00dfe (Henrichenburger Seite)\u00a0\u00a0\u00a0\u00a0\u00a0 \u00a0 \u00a0 \u00a0 \u00a0 \u00a0 <\/td>\n<td>13. Hebewerkstra\u00dfe<br \/>14. Kainhorststra\u00dfe<br \/>15. Waltroper Stra\u00dfe<br \/>16. Hebewerkstra\u00dfe<br \/>17. Heckenweg<br \/>18. Heidestra\u00dfe<br \/>19. Buschweg<br \/>20. Beckumer Stra\u00dfe<br \/>21. Bredenbrauck<br \/>22. Heidestra\u00dfe (Nr. 102)<br \/>23. Im Wiesengrund<br \/>24. Auf der Flur (Nr. 57)<br \/>25. Hasenkamp<br \/>26. Lamberstra\u00dfe (Becklemer Seite)<br \/>27. Auf der Flur<br \/>28. Suderwicher Stra\u00dfe<\/td>\n<\/tr>\n<\/tbody>\n<\/table>\n","protected":false},"excerpt":{"rendered":"<p>Die Henrichenburger SPD l\u00e4dt zu einer Radtour am Donnerstag, den 8. November, um 18 Uhr ein, bei der alle Stra\u00dfenabschnitte in Henrichenburg und Becklem angefahren werden, in denen ein R\u00fcckbau der Stra\u00dfenbeleuchtung vorgesehen ist. Wie berichtet gab es dazu Vorschl\u00e4ge der Fachhochschule Dortmund f\u00fcr das gesamte Stadtgebiet. \u201eWir wollen uns ein Bild davon machen, wo &#8230; <a title=\"Henrichenburger SPD l\u00e4dt zur abendlichen Radtour zum geplanten R\u00fcckbau von Stra\u00dfenlaternen\" class=\"read-more\" href=\"http:\/\/www.spd-henrichenburg.de\/?p=105\" aria-label=\"Mehr Informationen \u00fcber Henrichenburger SPD l\u00e4dt zur abendlichen Radtour zum geplanten R\u00fcckbau von Stra\u00dfenlaternen\">Weiterlesen<\/a><\/p>\n","protected":false},"author":1,"featured_media":0,"comment_status":"closed","ping_status":"closed","sticky":false,"template":"","format":"standard","meta":{"footnotes":""},"categories":[5],"tags":[],"class_list":["post-105","post","type-post","status-publish","format-standard","hentry","category-pressemitteilungen"],"_links":{"self":[{"href":"http:\/\/www.spd-henrichenburg.de\/index.php?rest_route=\/wp\/v2\/posts\/105","targetHints":{"allow":["GET"]}}],"collection":[{"href":"http:\/\/www.spd-henrichenburg.de\/index.php?rest_route=\/wp\/v2\/posts"}],"about":[{"href":"http:\/\/www.spd-henrichenburg.de\/index.php?rest_route=\/wp\/v2\/types\/post"}],"author":[{"embeddable":true,"href":"http:\/\/www.spd-henrichenburg.de\/index.php?rest_route=\/wp\/v2\/users\/1"}],"replies":[{"embeddable":true,"href":"http:\/\/www.spd-henrichenburg.de\/index.php?rest_route=%2Fwp%2Fv2%2Fcomments&post=105"}],"version-history":[{"count":0,"href":"http:\/\/www.spd-henrichenburg.de\/index.php?rest_route=\/wp\/v2\/posts\/105\/revisions"}],"wp:attachment":[{"href":"http:\/\/www.spd-henrichenburg.de\/index.php?rest_route=%2Fwp%2Fv2%2Fmedia&parent=105"}],"wp:term":[{"taxonomy":"category","embeddable":true,"href":"http:\/\/www.spd-henrichenburg.de\/index.php?rest_route=%2Fwp%2Fv2%2Fcategories&post=105"},{"taxonomy":"post_tag","embeddable":true,"href":"http:\/\/www.spd-henrichenburg.de\/index.php?rest_route=%2Fwp%2Fv2%2Ftags&post=105"}],"curies":[{"name":"wp","href":"https:\/\/api.w.org\/{rel}","templated":true}]}}