{"id":1036,"date":"2021-07-23T23:28:44","date_gmt":"2021-07-23T21:28:44","guid":{"rendered":"http:\/\/www.spd-henrichenburg.de\/?p=1036"},"modified":"2023-01-12T23:35:50","modified_gmt":"2023-01-12T22:35:50","slug":"jahreshauptversammlung-unter-freiem-himmel-spd-geht-neue-wege","status":"publish","type":"post","link":"http:\/\/www.spd-henrichenburg.de\/?p=1036","title":{"rendered":"Jahreshauptversammlung unter freiem Himmel \u2013 SPD geht neue Wege"},"content":{"rendered":"\n<p>Aufatmen bei der Henrichenburger SPD: endlich konnte die f\u00fcr den Jahresanfang vorgesehene Jahreshauptversammlung nachgeholt werden! Nach dem Abflauen der dritten Corona-Welle entschied sich der Vorstand, neue Wege zu gehen. Pandemie-bedingt fand die Versammlung zur Minimierung aller Risiken erstmalig im Freien statt &#8211; und damit noch &#8222;offener&#8220; als je zuvor. Nach rund zwei Stunden stand fest, in welcher Zusammensetzung der Vorstand in der n\u00e4chsten Periode zusammenkommen wird.<\/p>\n\n\n\n<p>Best\u00e4tigt wurde die bew\u00e4hrte Henrichenburger SPD-Doppelspitze, bestehend aus Daniela Wloka und Marcus Pelzing. Der Wahlerfolg hat die Vorsitzenden nicht nur in ihrem Handeln best\u00e4tigt, sondern bei den n\u00e4chsten Wahlen soll noch mehr &#8222;drin&#8220; sein, nicht zuletzt dank der tatkr\u00e4ftigen Mithilfe neuer Gesichter.<\/p>\n\n\n\n<p>Denn neu im Vorstand ist zum Beispiel der Henrichenburg-R\u00fcckkehrer Holger Thiem. Als Bildungsbeauftragter wird er im neuen Vorstand Fragen der Bildung und Weiterbildung im Auge behalten, und bringt \u00fcberdies noch eine Menge Sachverstand in Verkehrsfragen mit.<\/p>\n\n\n\n<p>Der Henrichenburger SPD-Vorstand ist auch weiterhin offen f\u00fcr Fragen, Anregungen, aber auch Kritik \u2013 z. B. auch \u00fcber das neue Kontaktformular, &#8211; oben rechts im Men\u00fc, <a href=\"http:\/\/www.spd-henrichenburg.de\/?page_id=940\" data-type=\"URL\" data-id=\"http:\/\/www.spd-henrichenburg.de\/?page_id=940\" target=\"_blank\" rel=\"noreferrer noopener\"><strong>hier <\/strong><\/a>auf unserer Website.<\/p>\n\n\n\n<p>Dieses Mal konnte das Ziel, in allen \u00c4mtern gleich viele Frauen und M\u00e4nner zu beteiligen, noch nicht ganz erreicht werden. &#8222;Mit 6 Frauen und 8 M\u00e4nnern ist da noch Luft nach oben -wenn auch nicht viel&#8220;, freut sich Co-Vorsitzende Daniela Wloka &#8211; mit einem Augenzwinkern.<\/p>\n\n\n\n<p>\/<\/p>\n","protected":false},"excerpt":{"rendered":"<p>Aufatmen bei der Henrichenburger SPD: endlich konnte die f\u00fcr den Jahresanfang vorgesehene Jahreshauptversammlung nachgeholt werden! Nach dem Abflauen der dritten Corona-Welle entschied sich der Vorstand, neue Wege zu gehen. Pandemie-bedingt fand die Versammlung zur Minimierung aller Risiken erstmalig im Freien statt &#8211; und damit noch &#8222;offener&#8220; als je zuvor. Nach rund zwei Stunden stand fest, &#8230; <a title=\"Jahreshauptversammlung unter freiem Himmel \u2013 SPD geht neue Wege\" class=\"read-more\" href=\"http:\/\/www.spd-henrichenburg.de\/?p=1036\" aria-label=\"Mehr Informationen \u00fcber Jahreshauptversammlung unter freiem Himmel \u2013 SPD geht neue Wege\">Weiterlesen<\/a><\/p>\n","protected":false},"author":4,"featured_media":0,"comment_status":"closed","ping_status":"closed","sticky":false,"template":"","format":"standard","meta":{"footnotes":""},"categories":[1,2,5],"tags":[89,83,82,107,87,85,8,79,78,91,84,63,93,92,90,86,94,7,81,80],"class_list":["post-1036","post","type-post","status-publish","format-standard","hentry","category-allgemein","category-inhaltsseiten","category-pressemitteilungen","tag-89","tag-anregungen","tag-corona","tag-daniela-wloka","tag-erfolgreiche-doppelspitze","tag-frauenquote","tag-henrichenburg","tag-holger-boenke-ross","tag-holger-thiem","tag-jahreshauptversammlung","tag-kritik","tag-marcus-pelzing","tag-miteinander","tag-offenheit","tag-open-air","tag-quotierung","tag-solidaritaet","tag-spd","tag-vereinssitzung","tag-vorstand"],"_links":{"self":[{"href":"http:\/\/www.spd-henrichenburg.de\/index.php?rest_route=\/wp\/v2\/posts\/1036","targetHints":{"allow":["GET"]}}],"collection":[{"href":"http:\/\/www.spd-henrichenburg.de\/index.php?rest_route=\/wp\/v2\/posts"}],"about":[{"href":"http:\/\/www.spd-henrichenburg.de\/index.php?rest_route=\/wp\/v2\/types\/post"}],"author":[{"embeddable":true,"href":"http:\/\/www.spd-henrichenburg.de\/index.php?rest_route=\/wp\/v2\/users\/4"}],"replies":[{"embeddable":true,"href":"http:\/\/www.spd-henrichenburg.de\/index.php?rest_route=%2Fwp%2Fv2%2Fcomments&post=1036"}],"version-history":[{"count":5,"href":"http:\/\/www.spd-henrichenburg.de\/index.php?rest_route=\/wp\/v2\/posts\/1036\/revisions"}],"predecessor-version":[{"id":1150,"href":"http:\/\/www.spd-henrichenburg.de\/index.php?rest_route=\/wp\/v2\/posts\/1036\/revisions\/1150"}],"wp:attachment":[{"href":"http:\/\/www.spd-henrichenburg.de\/index.php?rest_route=%2Fwp%2Fv2%2Fmedia&parent=1036"}],"wp:term":[{"taxonomy":"category","embeddable":true,"href":"http:\/\/www.spd-henrichenburg.de\/index.php?rest_route=%2Fwp%2Fv2%2Fcategories&post=1036"},{"taxonomy":"post_tag","embeddable":true,"href":"http:\/\/www.spd-henrichenburg.de\/index.php?rest_route=%2Fwp%2Fv2%2Ftags&post=1036"}],"curies":[{"name":"wp","href":"https:\/\/api.w.org\/{rel}","templated":true}]}}