{"id":102,"date":"2012-06-24T12:06:17","date_gmt":"2012-06-24T10:06:17","guid":{"rendered":"http:\/\/www.spd-henrichenburg.de\/?p=102"},"modified":"2012-06-24T12:06:17","modified_gmt":"2012-06-24T10:06:17","slug":"henrichenburger-spd-beraet-vorschlaege-zum-rueckbau-von-strassenbeleuchtung-begehung-geplant","status":"publish","type":"post","link":"http:\/\/www.spd-henrichenburg.de\/?p=102","title":{"rendered":"Henrichenburger SPD ber\u00e4t Vorschl\u00e4ge zum R\u00fcckbau von Stra\u00dfenbeleuchtung \u2013 Begehung geplant"},"content":{"rendered":"<div style=\"text-align: justify;\">Im Rahmen ihrer Mitgliederversammlung hat die Henrichenburger SPD \u00fcber die Vorschl\u00e4ge der Fachhochschule Dortmund zum R\u00fcckbau der Stra\u00dfen- und Wegebeleuchtung in Becklem und Henrichenburg diskutiert. \u201eGrunds\u00e4tzlich ist es sinnvoll, die Beleuchtung aus finanziellen und \u00f6kologischen Aspekten auf den Pr\u00fcfstand zu stellen. Man muss sich aber vor Ort genau anschauen, was ein R\u00fcckbau im Einzelnen bedeutet und wo m\u00f6gliche Angstr\u00e4ume sind&#8220;, so Britta Schewe, Vorsitzende der Henrichenburger SPD.<\/div>\n<div style=\"text-align: justify;\">Als problematisch sehen die Sozialdemokraten besonders den Vorschlag, die Stra\u00dfenbeleuchtung auf der Lambertstra\u00dfe zwischen Becklem und der Autobahnbr\u00fccke zur\u00fcckzubauen, da es sich um die wichtigste und f\u00fcr Fu\u00dfg\u00e4nger einzige Verbindung zwischen Henrichenburg und Becklem handelt. \u201eDas M\u00e4dchenforum hat sich damals daf\u00fcr stark gemacht, dass hier eine Beleuchtung hinkommt, weil es den Bereich als Angstraum ausgemacht haben&#8220;, erinnert sich Lisa Kapteinat, heute Kreistagsmitglied f\u00fcr Henrichenburg. Auch bei dem Weg auf der Heidestra\u00dfe, der zur B235 f\u00fchrt, muss man genau hinschauen. Hier laufen viele Kinder morgens zur Bushaltestelle. \u201eDa muss zumindest in den Abendstunden und morgens eine Beleuchtung vorhanden sein&#8220;, so Schewe.<br \/>Alle weiteren Stra\u00dfenabschnitte wollen sich die Sozialdemokraten im Rahmen einer abendlichen Begehung genauer anschauen. Dazu sind dann alle Anwohner und Betroffene herzlich eingeladen, mitzudiskutieren. Der Termin wird fr\u00fchzeitig \u00fcber die Presse bekannt gegeben.<\/div>\n<div style=\"text-align: justify;\">Vorgesehen ist ein R\u00fcckbau noch auf der F\u00fcrstin-Christinen-Stra\u00dfe, im westlichen Teil der Suderwicher Stra\u00dfe, auf der B235 n\u00f6rdlich der Autobahn, der Waltroper Stra\u00dfe und der Hagenstra\u00dfe am Autobahn\u00fcbergang. Auch der Neubau von Stra\u00dfenlaternen ist geplant, zum Beispiel auf der Freiheitstra\u00dfe.<\/div>\n<div style=\"text-align: justify;\">\n<table style=\"height: 262px;\" align=\"left\" border=\"0\" width=\"746\">\n<tbody>\n<tr>\n<td><img loading=\"lazy\" decoding=\"async\" style=\"margin: 8px; vertical-align: middle;\" alt=\"rckbau.straenbeleuchtung.henrichenburg.quelle verwaltungsvorlage stadt castrop-rauxel\" src=\"images\/stories\/rckbau.straenbeleuchtung.henrichenburg.quelle verwaltungsvorlage stadt castrop-rauxel.jpg\" height=\"301\" width=\"400\" \/><\/td>\n<td><img loading=\"lazy\" decoding=\"async\" style=\"margin: 8px; vertical-align: bottom;\" alt=\"straenbleuchtung.legende.quelle verwaltungsvorlage stadt castrop-rauxel\" src=\"images\/stories\/straenbleuchtung.legende.quelle verwaltungsvorlage stadt castrop-rauxel.jpg\" height=\"212\" width=\"306\" \/><\/td>\n<\/tr>\n<tr>\n<td>Quelle: Verwaltungsvorlage der Stadt Castrop-Rauxel<\/td>\n<td><\/td>\n<\/tr>\n<\/tbody>\n<\/table><\/div>\n<div style=\"text-align: justify;\"><\/div>\n<div style=\"text-align: justify;\"><\/div>\n<div style=\"text-align: justify;\"><\/div>\n<div style=\"text-align: justify;\"><\/div>\n<div style=\"text-align: justify;\"><\/div>\n<div style=\"text-align: justify;\"><\/div>\n<div style=\"text-align: justify;\"><\/div>\n<div style=\"text-align: justify;\"><\/div>\n<div style=\"text-align: justify;\"><\/div>\n<div style=\"text-align: justify;\"><\/div>\n<div style=\"text-align: justify;\"><\/div>\n<div style=\"text-align: justify;\"><\/div>\n<div style=\"text-align: justify;\"><\/div>\n<div style=\"text-align: justify;\"><\/div>\n<div style=\"text-align: justify;\"><\/div>\n","protected":false},"excerpt":{"rendered":"<p>Im Rahmen ihrer Mitgliederversammlung hat die Henrichenburger SPD \u00fcber die Vorschl\u00e4ge der Fachhochschule Dortmund zum R\u00fcckbau der Stra\u00dfen- und Wegebeleuchtung in Becklem und Henrichenburg diskutiert. \u201eGrunds\u00e4tzlich ist es sinnvoll, die Beleuchtung aus finanziellen und \u00f6kologischen Aspekten auf den Pr\u00fcfstand zu stellen. Man muss sich aber vor Ort genau anschauen, was ein R\u00fcckbau im Einzelnen bedeutet &#8230; <a title=\"Henrichenburger SPD ber\u00e4t Vorschl\u00e4ge zum R\u00fcckbau von Stra\u00dfenbeleuchtung \u2013 Begehung geplant\" class=\"read-more\" href=\"http:\/\/www.spd-henrichenburg.de\/?p=102\" aria-label=\"Mehr Informationen \u00fcber Henrichenburger SPD ber\u00e4t Vorschl\u00e4ge zum R\u00fcckbau von Stra\u00dfenbeleuchtung \u2013 Begehung geplant\">Weiterlesen<\/a><\/p>\n","protected":false},"author":1,"featured_media":0,"comment_status":"closed","ping_status":"closed","sticky":false,"template":"","format":"standard","meta":{"footnotes":""},"categories":[5],"tags":[],"class_list":["post-102","post","type-post","status-publish","format-standard","hentry","category-pressemitteilungen"],"_links":{"self":[{"href":"http:\/\/www.spd-henrichenburg.de\/index.php?rest_route=\/wp\/v2\/posts\/102","targetHints":{"allow":["GET"]}}],"collection":[{"href":"http:\/\/www.spd-henrichenburg.de\/index.php?rest_route=\/wp\/v2\/posts"}],"about":[{"href":"http:\/\/www.spd-henrichenburg.de\/index.php?rest_route=\/wp\/v2\/types\/post"}],"author":[{"embeddable":true,"href":"http:\/\/www.spd-henrichenburg.de\/index.php?rest_route=\/wp\/v2\/users\/1"}],"replies":[{"embeddable":true,"href":"http:\/\/www.spd-henrichenburg.de\/index.php?rest_route=%2Fwp%2Fv2%2Fcomments&post=102"}],"version-history":[{"count":0,"href":"http:\/\/www.spd-henrichenburg.de\/index.php?rest_route=\/wp\/v2\/posts\/102\/revisions"}],"wp:attachment":[{"href":"http:\/\/www.spd-henrichenburg.de\/index.php?rest_route=%2Fwp%2Fv2%2Fmedia&parent=102"}],"wp:term":[{"taxonomy":"category","embeddable":true,"href":"http:\/\/www.spd-henrichenburg.de\/index.php?rest_route=%2Fwp%2Fv2%2Fcategories&post=102"},{"taxonomy":"post_tag","embeddable":true,"href":"http:\/\/www.spd-henrichenburg.de\/index.php?rest_route=%2Fwp%2Fv2%2Ftags&post=102"}],"curies":[{"name":"wp","href":"https:\/\/api.w.org\/{rel}","templated":true}]}}