{"id":101,"date":"2012-06-17T10:42:33","date_gmt":"2012-06-17T08:42:33","guid":{"rendered":"http:\/\/www.spd-henrichenburg.de\/?p=101"},"modified":"2012-06-17T10:42:33","modified_gmt":"2012-06-17T08:42:33","slug":"henrichenburger-spd-laedt-zur-diskussion-ueber-strassenbeleuchtung-windenergie-und-laermschutz","status":"publish","type":"post","link":"http:\/\/www.spd-henrichenburg.de\/?p=101","title":{"rendered":"Henrichenburger SPD l\u00e4dt zur Diskussion \u00fcber Stra\u00dfenbeleuchtung, Windenergie und L\u00e4rmschutz"},"content":{"rendered":"<div style=\"text-align: justify;\">Die Henrichenburger SPD l\u00e4dt ihre Mitglieder und alle Interessierten zu ihrer Mitgliederversammlung am Mittwoch, den 20.6., um 19:30 Uhr in die Gastst\u00e4tte Zum Lambertus, Beckumer Stra\u00dfe 33, ein. Ein Diskussionsthema werden die von der Fachhochschule Dortmund entwickelten Vorschl\u00e4ge zum R\u00fcckbau der Stra\u00dfen- und Wegebeleuchtung sein. \u201eAlle B\u00fcrger sind herzlich eingeladen mit uns dar\u00fcber zu diskutieren, welche Laternen in Becklem und Henrichenburg notwendig sind, damit keine Angstr\u00e4ume entstehen, und welche aus finanziellen und \u00f6kologischen Gesichtspunkten zur\u00fcckgebaut werden k\u00f6nnten&#8220;, so Britta Schewe, Vorsitzende der Henrichenburger SPD. Weitere Themen sind das Windkraftvorranggebiet in Becklem sowie der L\u00e4rmschutz an der Bahntrasse in Becklem. Als kompetente Referenten kommen der Bundestagsabgeordnete Frank Schwabe und Michael Werner, Vorstand des EUV.<\/div>\n","protected":false},"excerpt":{"rendered":"<p>Die Henrichenburger SPD l\u00e4dt ihre Mitglieder und alle Interessierten zu ihrer Mitgliederversammlung am Mittwoch, den 20.6., um 19:30 Uhr in die Gastst\u00e4tte Zum Lambertus, Beckumer Stra\u00dfe 33, ein. Ein Diskussionsthema werden die von der Fachhochschule Dortmund entwickelten Vorschl\u00e4ge zum R\u00fcckbau der Stra\u00dfen- und Wegebeleuchtung sein. \u201eAlle B\u00fcrger sind herzlich eingeladen mit uns dar\u00fcber zu diskutieren, &#8230; <a title=\"Henrichenburger SPD l\u00e4dt zur Diskussion \u00fcber Stra\u00dfenbeleuchtung, Windenergie und L\u00e4rmschutz\" class=\"read-more\" href=\"http:\/\/www.spd-henrichenburg.de\/?p=101\" aria-label=\"Mehr Informationen \u00fcber Henrichenburger SPD l\u00e4dt zur Diskussion \u00fcber Stra\u00dfenbeleuchtung, Windenergie und L\u00e4rmschutz\">Weiterlesen<\/a><\/p>\n","protected":false},"author":1,"featured_media":0,"comment_status":"closed","ping_status":"closed","sticky":false,"template":"","format":"standard","meta":{"footnotes":""},"categories":[5],"tags":[],"class_list":["post-101","post","type-post","status-publish","format-standard","hentry","category-pressemitteilungen"],"_links":{"self":[{"href":"http:\/\/www.spd-henrichenburg.de\/index.php?rest_route=\/wp\/v2\/posts\/101","targetHints":{"allow":["GET"]}}],"collection":[{"href":"http:\/\/www.spd-henrichenburg.de\/index.php?rest_route=\/wp\/v2\/posts"}],"about":[{"href":"http:\/\/www.spd-henrichenburg.de\/index.php?rest_route=\/wp\/v2\/types\/post"}],"author":[{"embeddable":true,"href":"http:\/\/www.spd-henrichenburg.de\/index.php?rest_route=\/wp\/v2\/users\/1"}],"replies":[{"embeddable":true,"href":"http:\/\/www.spd-henrichenburg.de\/index.php?rest_route=%2Fwp%2Fv2%2Fcomments&post=101"}],"version-history":[{"count":0,"href":"http:\/\/www.spd-henrichenburg.de\/index.php?rest_route=\/wp\/v2\/posts\/101\/revisions"}],"wp:attachment":[{"href":"http:\/\/www.spd-henrichenburg.de\/index.php?rest_route=%2Fwp%2Fv2%2Fmedia&parent=101"}],"wp:term":[{"taxonomy":"category","embeddable":true,"href":"http:\/\/www.spd-henrichenburg.de\/index.php?rest_route=%2Fwp%2Fv2%2Fcategories&post=101"},{"taxonomy":"post_tag","embeddable":true,"href":"http:\/\/www.spd-henrichenburg.de\/index.php?rest_route=%2Fwp%2Fv2%2Ftags&post=101"}],"curies":[{"name":"wp","href":"https:\/\/api.w.org\/{rel}","templated":true}]}}