{"id":100,"date":"2012-05-30T14:40:00","date_gmt":"2012-05-30T12:40:00","guid":{"rendered":"http:\/\/www.spd-henrichenburg.de\/?p=100"},"modified":"2012-05-30T14:40:00","modified_gmt":"2012-05-30T12:40:00","slug":"loesungen-fuer-parkplatzproblematik-im-wohngebiet-pothhofim-brendick","status":"publish","type":"post","link":"http:\/\/www.spd-henrichenburg.de\/?p=100","title":{"rendered":"L\u00f6sungen f\u00fcr Parkplatzproblematik im Wohngebiet Pothhof\/Im Brendick"},"content":{"rendered":"<div style=\"text-align: justify;\">Im Rahmen eines Runden Tisches der Henrichenburger SPD wurden viele Anregungen der Anwohnerinnen und Anwohner ge\u00e4u\u00dfert. Topthema dabei war die Parkplatzproblematik. H\u00e4ufig m\u00fcssen die Autos schon jetzt auf der Stra\u00dfe im verkehrsberuhigten Bereich oder auf noch freien Gr\u00fcnfl\u00e4chen parken. Jede zus\u00e4tzliche Wohnbebauung versch\u00e4rft die Problematik weiter, weil weitere Fl\u00e4chen fehlen und neue Anwohner Parkraum ben\u00f6tigen. \u201eDeshalb wollen wir mit einem <a target=\"_self\" href=\"images\/stories\/2012-06-14.antrag.parkplatzproblematik.pdf\">Antrag<\/a> im n\u00e4chsten Bauausschuss die Realisierung zus\u00e4tzlicher \u00f6ffentlicher und privater Stellpl\u00e4tze pr\u00fcfen&#8220;, so Britta Schewe, Gesch\u00e4ftsf\u00fchrerin der SPD-Ratsfraktion und Vorsitzende der Henrichenburger SPD. Dazu sollen Gespr\u00e4che mit Fl\u00e4cheneigent\u00fcmern gef\u00fchrt werden, ob die Umsetzung von Garagenh\u00f6fen oder privaten Parkfl\u00e4chen m\u00f6glich ist. Au\u00dferdem soll es allen Anwohnern erm\u00f6glicht werden, auf ihren privaten Grundst\u00fccksfl\u00e4chen zu parken. Bei der zuk\u00fcnftigen Bebauung sollen pro Wohneinheit mehr als ein Stellplatz vorgeschrieben werden, um der Realit\u00e4t, dass die meisten Familien mehr als ein Auto besitzen, Rechnung zu tragen und auch Besuchern Parkm\u00f6glichkeiten zu bieten. Auch der B\u00fcrgerbeauftragte und der B\u00fcrgermeister hatten in ihren Sprechstunden dazu zahlreiche Beschwerden von Anwohnern und der Beschwerdeausschuss hat sich ebenfalls schon mit diesem Thema besch\u00e4ftigt.<\/div>\n<p style=\"text-align: justify;\">Weitere Themen waren die Fertigstellung des letzten Teilst\u00fccks der Stra\u00dfe im Pothhof. Diese wird in den Sommerferien erfolgen. In diesem Zusammenhang werden auch die Rigolen vor den neuen Reihenh\u00e4usern gebaut, um die Entw\u00e4sserungssituation zu verbessern.<\/p>\n<p style=\"text-align: justify;\">Viele Anwohner haben sich au\u00dferdem \u00fcber schnell fahrende Autos, insbesondere in den Eingangsbereichen beider Stra\u00dfen, beschwert. Hier ist die Henrichenburger SPD in Abstimmungsgespr\u00e4chen mit dem Ordnungsamt und der Polizei, um vor allem Aufkl\u00e4rung zu leisten, wie die Verkehrsteilnehmer sich in verkehrsberuhigten Bereichen verhalten m\u00fcssen.<\/p>\n","protected":false},"excerpt":{"rendered":"<p>Im Rahmen eines Runden Tisches der Henrichenburger SPD wurden viele Anregungen der Anwohnerinnen und Anwohner ge\u00e4u\u00dfert. Topthema dabei war die Parkplatzproblematik. H\u00e4ufig m\u00fcssen die Autos schon jetzt auf der Stra\u00dfe im verkehrsberuhigten Bereich oder auf noch freien Gr\u00fcnfl\u00e4chen parken. Jede zus\u00e4tzliche Wohnbebauung versch\u00e4rft die Problematik weiter, weil weitere Fl\u00e4chen fehlen und neue Anwohner Parkraum ben\u00f6tigen. &#8230; <a title=\"L\u00f6sungen f\u00fcr Parkplatzproblematik im Wohngebiet Pothhof\/Im Brendick\" class=\"read-more\" href=\"http:\/\/www.spd-henrichenburg.de\/?p=100\" aria-label=\"Mehr Informationen \u00fcber L\u00f6sungen f\u00fcr Parkplatzproblematik im Wohngebiet Pothhof\/Im Brendick\">Weiterlesen<\/a><\/p>\n","protected":false},"author":1,"featured_media":0,"comment_status":"closed","ping_status":"closed","sticky":false,"template":"","format":"standard","meta":{"footnotes":""},"categories":[5],"tags":[],"class_list":["post-100","post","type-post","status-publish","format-standard","hentry","category-pressemitteilungen"],"_links":{"self":[{"href":"http:\/\/www.spd-henrichenburg.de\/index.php?rest_route=\/wp\/v2\/posts\/100","targetHints":{"allow":["GET"]}}],"collection":[{"href":"http:\/\/www.spd-henrichenburg.de\/index.php?rest_route=\/wp\/v2\/posts"}],"about":[{"href":"http:\/\/www.spd-henrichenburg.de\/index.php?rest_route=\/wp\/v2\/types\/post"}],"author":[{"embeddable":true,"href":"http:\/\/www.spd-henrichenburg.de\/index.php?rest_route=\/wp\/v2\/users\/1"}],"replies":[{"embeddable":true,"href":"http:\/\/www.spd-henrichenburg.de\/index.php?rest_route=%2Fwp%2Fv2%2Fcomments&post=100"}],"version-history":[{"count":0,"href":"http:\/\/www.spd-henrichenburg.de\/index.php?rest_route=\/wp\/v2\/posts\/100\/revisions"}],"wp:attachment":[{"href":"http:\/\/www.spd-henrichenburg.de\/index.php?rest_route=%2Fwp%2Fv2%2Fmedia&parent=100"}],"wp:term":[{"taxonomy":"category","embeddable":true,"href":"http:\/\/www.spd-henrichenburg.de\/index.php?rest_route=%2Fwp%2Fv2%2Fcategories&post=100"},{"taxonomy":"post_tag","embeddable":true,"href":"http:\/\/www.spd-henrichenburg.de\/index.php?rest_route=%2Fwp%2Fv2%2Ftags&post=100"}],"curies":[{"name":"wp","href":"https:\/\/api.w.org\/{rel}","templated":true}]}}